{"id":987,"date":"2018-03-23T12:37:29","date_gmt":"2018-03-23T12:37:29","guid":{"rendered":"https:\/\/ortodonciabarcelona.com\/blog-profesional\/?p=987"},"modified":"2023-06-01T08:16:11","modified_gmt":"2023-06-01T08:16:11","slug":"curso-sobre-las-claves-del-exito-en-la-clinica-de-ortodoncia-tratamiento-con-brackets-esteticos","status":"publish","type":"post","link":"https:\/\/ortodonciabarcelona.com\/blog-profesional\/curso-sobre-las-claves-del-exito-en-la-clinica-de-ortodoncia-tratamiento-con-brackets-esteticos\/","title":{"rendered":"Curso sobre \u201cLas Claves del \u00c9xito en la Cl\u00ednica de Ortodoncia. Tratamiento con brackets est\u00e9ticos\u201d"},"content":{"rendered":"<p class=\"p1\"><span class=\"s1\">El pasado d\u00eda 2 de Marzo el\u00a0<b>Dr. Fernando de la Iglesia<\/b>\u00a0y el\u00a0<b>Dr. Oriol Quevedo<\/b>\u00a0impartieron en el\u00a0<b><a href=\"http:\/\/www.coec.cat\/es\">Colegio de Odont\u00f3logos y Estomat\u00f3logos de Catalunya<\/a>\u00a0<\/b>el curso dirigido hacia ortodoncistas:\u00a0<b>\u201cLas Claves del \u00c9xito en la Cl\u00ednica de Ortodoncia. Tratamiento con brackets est\u00e9ticos\u201d<\/b>.<\/span><\/p>\n<p class=\"p1\"><span class=\"s1\">Los doctores explicaron a todos los asistentes los aspectos m\u00e1s relevantes sobre la mec\u00e1nica, las ventajas e inconvenientes de los tratamientos mediante\u00a0<a href=\"https:\/\/www.ortodonciabarcelona.com\/tipos-de-ortodoncia\/brackets-esteticos-visible\/\"><b>ortodoncia est\u00e9tica<\/b>\u00a0<\/a>con el uso de los\u00a0<b>brackets est\u00e9ticos Advanced de cer\u00e1mica\u00a0<\/b>de 3M, y expusieron casos tratados con esta aparatolog\u00eda en sus cl\u00ednicas de ortodoncia\u00a0Ortodoncia Sant Cugat\u00a0y\u00a0Ortodoncia Tres Torres.<\/span><\/p>\n<p><img decoding=\"async\" class=\"lazyload aligncenter wp-image-989 size-full\" src=\"https:\/\/ortodonciabarcelona.com\/blog-profesional\/wp-content\/uploads\/2018\/03\/curso-ortodoncia.jpg\" data-orig-src=\"https:\/\/ortodonciabarcelona.com\/blog-profesional\/wp-content\/uploads\/2018\/03\/curso-ortodoncia.jpg\" alt=\"El Doctor Fernando de la Iglesia publica un art\u00edculo sobre \u201cLas Claves del \u00c9xito en la Cl\u00ednica de Ortodoncia. Tratamiento con brackets est\u00e9ticos&quot;\" width=\"890\" height=\"585\" srcset=\"data:image\/svg+xml,%3Csvg%20xmlns%3D%27http%3A%2F%2Fwww.w3.org%2F2000%2Fsvg%27%20width%3D%27890%27%20height%3D%27585%27%20viewBox%3D%270%200%20890%20585%27%3E%3Crect%20width%3D%27890%27%20height%3D%27585%27%20fill-opacity%3D%220%22%2F%3E%3C%2Fsvg%3E\" data-srcset=\"https:\/\/ortodonciabarcelona.com\/blog-profesional\/wp-content\/uploads\/2018\/03\/curso-ortodoncia-200x131.jpg 200w, https:\/\/ortodonciabarcelona.com\/blog-profesional\/wp-content\/uploads\/2018\/03\/curso-ortodoncia-300x197.jpg 300w, https:\/\/ortodonciabarcelona.com\/blog-profesional\/wp-content\/uploads\/2018\/03\/curso-ortodoncia-400x263.jpg 400w, https:\/\/ortodonciabarcelona.com\/blog-profesional\/wp-content\/uploads\/2018\/03\/curso-ortodoncia-600x394.jpg 600w, https:\/\/ortodonciabarcelona.com\/blog-profesional\/wp-content\/uploads\/2018\/03\/curso-ortodoncia-768x505.jpg 768w, https:\/\/ortodonciabarcelona.com\/blog-profesional\/wp-content\/uploads\/2018\/03\/curso-ortodoncia-800x526.jpg 800w, https:\/\/ortodonciabarcelona.com\/blog-profesional\/wp-content\/uploads\/2018\/03\/curso-ortodoncia.jpg 890w\" data-sizes=\"auto\" data-orig-sizes=\"(max-width: 890px) 100vw, 890px\" \/><\/p>\n\n\n<div class=\"kk-star-ratings kksr-auto kksr-align-left kksr-valign-bottom\"\n    data-payload='{&quot;align&quot;:&quot;left&quot;,&quot;id&quot;:&quot;987&quot;,&quot;slug&quot;:&quot;default&quot;,&quot;valign&quot;:&quot;bottom&quot;,&quot;ignore&quot;:&quot;&quot;,&quot;reference&quot;:&quot;auto&quot;,&quot;class&quot;:&quot;&quot;,&quot;count&quot;:&quot;0&quot;,&quot;legendonly&quot;:&quot;&quot;,&quot;readonly&quot;:&quot;&quot;,&quot;score&quot;:&quot;0&quot;,&quot;starsonly&quot;:&quot;&quot;,&quot;best&quot;:&quot;5&quot;,&quot;gap&quot;:&quot;5&quot;,&quot;greet&quot;:&quot;Punt\u00faa este post&quot;,&quot;legend&quot;:&quot;0\\\/5 - (0 votos)&quot;,&quot;size&quot;:&quot;24&quot;,&quot;title&quot;:&quot;Curso sobre \u201cLas Claves del \u00c9xito en la Cl\u00ednica de Ortodoncia. Tratamiento con brackets est\u00e9ticos\u201d&quot;,&quot;width&quot;:&quot;0&quot;,&quot;_legend&quot;:&quot;{score}\\\/{best} - ({count} {votes})&quot;,&quot;font_factor&quot;:&quot;1.25&quot;}'>\n            \n<div class=\"kksr-stars\">\n    \n<div class=\"kksr-stars-inactive\">\n            <div class=\"kksr-star\" data-star=\"1\" style=\"padding-right: 5px\">\n            \n\n<div class=\"kksr-icon\" style=\"width: 24px; height: 24px;\"><\/div>\n        <\/div>\n            <div class=\"kksr-star\" data-star=\"2\" style=\"padding-right: 5px\">\n            \n\n<div class=\"kksr-icon\" style=\"width: 24px; height: 24px;\"><\/div>\n        <\/div>\n            <div class=\"kksr-star\" data-star=\"3\" style=\"padding-right: 5px\">\n            \n\n<div class=\"kksr-icon\" style=\"width: 24px; height: 24px;\"><\/div>\n        <\/div>\n            <div class=\"kksr-star\" data-star=\"4\" style=\"padding-right: 5px\">\n            \n\n<div class=\"kksr-icon\" style=\"width: 24px; height: 24px;\"><\/div>\n        <\/div>\n            <div class=\"kksr-star\" data-star=\"5\" style=\"padding-right: 5px\">\n            \n\n<div class=\"kksr-icon\" style=\"width: 24px; height: 24px;\"><\/div>\n        <\/div>\n    <\/div>\n    \n<div class=\"kksr-stars-active\" style=\"width: 0px;\">\n            <div class=\"kksr-star\" style=\"padding-right: 5px\">\n            \n\n<div class=\"kksr-icon\" style=\"width: 24px; height: 24px;\"><\/div>\n        <\/div>\n            <div class=\"kksr-star\" style=\"padding-right: 5px\">\n            \n\n<div class=\"kksr-icon\" style=\"width: 24px; height: 24px;\"><\/div>\n        <\/div>\n            <div class=\"kksr-star\" style=\"padding-right: 5px\">\n            \n\n<div class=\"kksr-icon\" style=\"width: 24px; height: 24px;\"><\/div>\n        <\/div>\n            <div class=\"kksr-star\" style=\"padding-right: 5px\">\n            \n\n<div class=\"kksr-icon\" style=\"width: 24px; height: 24px;\"><\/div>\n        <\/div>\n            <div class=\"kksr-star\" style=\"padding-right: 5px\">\n            \n\n<div class=\"kksr-icon\" style=\"width: 24px; height: 24px;\"><\/div>\n        <\/div>\n    <\/div>\n<\/div>\n                \n\n<div class=\"kksr-legend\" style=\"font-size: 19.2px;\">\n            <span class=\"kksr-muted\">Punt\u00faa este post<\/span>\n    <\/div>\n    <\/div>\n","protected":false},"excerpt":{"rendered":"<p>El pasado d\u00eda 2 de Marzo el\u00a0Dr. Fernando de la  [&#8230;]<\/p>\n","protected":false},"author":2,"featured_media":990,"comment_status":"closed","ping_status":"closed","sticky":false,"template":"","format":"standard","meta":{"footnotes":""},"categories":[11],"tags":[],"class_list":["post-987","post","type-post","status-publish","format-standard","has-post-thumbnail","hentry","category-noticias"],"yoast_head":"<!-- This site is optimized with the Yoast SEO plugin v27.3 - https:\/\/yoast.com\/product\/yoast-seo-wordpress\/ -->\n<title>Curso las Claves del \u00c9xito en la Cl\u00ednica de Ortodoncia<\/title>\n<meta name=\"description\" content=\"El Doctor Fernando de la Iglesia publica un art\u00edculo sobre Las Claves del \u00c9xito en la Cl\u00ednica de Ortodoncia y Tratamiento con brackets est\u00e9ticos\" \/>\n<meta name=\"robots\" content=\"noindex, nofollow\" \/>\n<meta property=\"og:locale\" content=\"es_ES\" \/>\n<meta property=\"og:type\" content=\"article\" \/>\n<meta property=\"og:title\" content=\"Curso las Claves del \u00c9xito en la Cl\u00ednica de Ortodoncia\" \/>\n<meta property=\"og:description\" content=\"El Doctor Fernando de la Iglesia publica un art\u00edculo sobre Las Claves del \u00c9xito en la Cl\u00ednica de Ortodoncia y Tratamiento con brackets est\u00e9ticos\" \/>\n<meta property=\"og:url\" content=\"https:\/\/ortodonciabarcelona.com\/blog-profesional\/curso-sobre-las-claves-del-exito-en-la-clinica-de-ortodoncia-tratamiento-con-brackets-esteticos\/\" \/>\n<meta property=\"og:site_name\" content=\"Blog Profesional Ortodoncia Tres Torres\" \/>\n<meta property=\"article:published_time\" content=\"2018-03-23T12:37:29+00:00\" \/>\n<meta property=\"article:modified_time\" content=\"2023-06-01T08:16:11+00:00\" \/>\n<meta property=\"og:image\" content=\"https:\/\/ortodonciabarcelona.com\/blog-profesional\/wp-content\/uploads\/2018\/03\/ortodoncia-estetica-barcelona.png\" \/>\n\t<meta property=\"og:image:width\" content=\"2544\" \/>\n\t<meta property=\"og:image:height\" content=\"1114\" \/>\n\t<meta property=\"og:image:type\" content=\"image\/png\" \/>\n<meta name=\"author\" content=\"Dr. Fernando de la Iglesia Beyme\" \/>\n<meta name=\"twitter:label1\" content=\"Escrito por\" \/>\n\t<meta name=\"twitter:data1\" content=\"Dr. Fernando de la Iglesia Beyme\" \/>\n\t<meta name=\"twitter:label2\" content=\"Tiempo de lectura\" \/>\n\t<meta name=\"twitter:data2\" content=\"1 minuto\" \/>\n<script type=\"application\/ld+json\" class=\"yoast-schema-graph\">{\"@context\":\"https:\\\/\\\/schema.org\",\"@graph\":[{\"@type\":\"Article\",\"@id\":\"https:\\\/\\\/ortodonciabarcelona.com\\\/blog-profesional\\\/curso-sobre-las-claves-del-exito-en-la-clinica-de-ortodoncia-tratamiento-con-brackets-esteticos\\\/#article\",\"isPartOf\":{\"@id\":\"https:\\\/\\\/ortodonciabarcelona.com\\\/blog-profesional\\\/curso-sobre-las-claves-del-exito-en-la-clinica-de-ortodoncia-tratamiento-con-brackets-esteticos\\\/\"},\"author\":{\"name\":\"Dr. Fernando de la Iglesia Beyme\",\"@id\":\"https:\\\/\\\/ortodonciabarcelona.com\\\/blog-profesional\\\/#\\\/schema\\\/person\\\/6e8f1e4d584209c52f7c939dd0752f33\"},\"headline\":\"Curso sobre \u201cLas Claves del \u00c9xito en la Cl\u00ednica de Ortodoncia. Tratamiento con brackets est\u00e9ticos\u201d\",\"datePublished\":\"2018-03-23T12:37:29+00:00\",\"dateModified\":\"2023-06-01T08:16:11+00:00\",\"mainEntityOfPage\":{\"@id\":\"https:\\\/\\\/ortodonciabarcelona.com\\\/blog-profesional\\\/curso-sobre-las-claves-del-exito-en-la-clinica-de-ortodoncia-tratamiento-con-brackets-esteticos\\\/\"},\"wordCount\":128,\"publisher\":{\"@id\":\"https:\\\/\\\/ortodonciabarcelona.com\\\/blog-profesional\\\/#organization\"},\"image\":{\"@id\":\"https:\\\/\\\/ortodonciabarcelona.com\\\/blog-profesional\\\/curso-sobre-las-claves-del-exito-en-la-clinica-de-ortodoncia-tratamiento-con-brackets-esteticos\\\/#primaryimage\"},\"thumbnailUrl\":\"https:\\\/\\\/ortodonciabarcelona.com\\\/blog-profesional\\\/wp-content\\\/uploads\\\/2018\\\/03\\\/ortodoncia-estetica-barcelona.png\",\"articleSection\":[\"noticias\"],\"inLanguage\":\"es\"},{\"@type\":\"WebPage\",\"@id\":\"https:\\\/\\\/ortodonciabarcelona.com\\\/blog-profesional\\\/curso-sobre-las-claves-del-exito-en-la-clinica-de-ortodoncia-tratamiento-con-brackets-esteticos\\\/\",\"url\":\"https:\\\/\\\/ortodonciabarcelona.com\\\/blog-profesional\\\/curso-sobre-las-claves-del-exito-en-la-clinica-de-ortodoncia-tratamiento-con-brackets-esteticos\\\/\",\"name\":\"Curso las Claves del \u00c9xito en la Cl\u00ednica de Ortodoncia\",\"isPartOf\":{\"@id\":\"https:\\\/\\\/ortodonciabarcelona.com\\\/blog-profesional\\\/#website\"},\"primaryImageOfPage\":{\"@id\":\"https:\\\/\\\/ortodonciabarcelona.com\\\/blog-profesional\\\/curso-sobre-las-claves-del-exito-en-la-clinica-de-ortodoncia-tratamiento-con-brackets-esteticos\\\/#primaryimage\"},\"image\":{\"@id\":\"https:\\\/\\\/ortodonciabarcelona.com\\\/blog-profesional\\\/curso-sobre-las-claves-del-exito-en-la-clinica-de-ortodoncia-tratamiento-con-brackets-esteticos\\\/#primaryimage\"},\"thumbnailUrl\":\"https:\\\/\\\/ortodonciabarcelona.com\\\/blog-profesional\\\/wp-content\\\/uploads\\\/2018\\\/03\\\/ortodoncia-estetica-barcelona.png\",\"datePublished\":\"2018-03-23T12:37:29+00:00\",\"dateModified\":\"2023-06-01T08:16:11+00:00\",\"description\":\"El Doctor Fernando de la Iglesia publica un art\u00edculo sobre Las Claves del \u00c9xito en la Cl\u00ednica de Ortodoncia y Tratamiento con brackets est\u00e9ticos\",\"breadcrumb\":{\"@id\":\"https:\\\/\\\/ortodonciabarcelona.com\\\/blog-profesional\\\/curso-sobre-las-claves-del-exito-en-la-clinica-de-ortodoncia-tratamiento-con-brackets-esteticos\\\/#breadcrumb\"},\"inLanguage\":\"es\",\"potentialAction\":[{\"@type\":\"ReadAction\",\"target\":[\"https:\\\/\\\/ortodonciabarcelona.com\\\/blog-profesional\\\/curso-sobre-las-claves-del-exito-en-la-clinica-de-ortodoncia-tratamiento-con-brackets-esteticos\\\/\"]}]},{\"@type\":\"ImageObject\",\"inLanguage\":\"es\",\"@id\":\"https:\\\/\\\/ortodonciabarcelona.com\\\/blog-profesional\\\/curso-sobre-las-claves-del-exito-en-la-clinica-de-ortodoncia-tratamiento-con-brackets-esteticos\\\/#primaryimage\",\"url\":\"https:\\\/\\\/ortodonciabarcelona.com\\\/blog-profesional\\\/wp-content\\\/uploads\\\/2018\\\/03\\\/ortodoncia-estetica-barcelona.png\",\"contentUrl\":\"https:\\\/\\\/ortodonciabarcelona.com\\\/blog-profesional\\\/wp-content\\\/uploads\\\/2018\\\/03\\\/ortodoncia-estetica-barcelona.png\",\"width\":2544,\"height\":1114,\"caption\":\"El Doctor Fernando de la Iglesia publica un art\u00edculo sobre \u201cLas Claves del \u00c9xito en la Cl\u00ednica de Ortodoncia. Tratamiento con brackets est\u00e9ticos\\\"\"},{\"@type\":\"BreadcrumbList\",\"@id\":\"https:\\\/\\\/ortodonciabarcelona.com\\\/blog-profesional\\\/curso-sobre-las-claves-del-exito-en-la-clinica-de-ortodoncia-tratamiento-con-brackets-esteticos\\\/#breadcrumb\",\"itemListElement\":[{\"@type\":\"ListItem\",\"position\":1,\"name\":\"Portada\",\"item\":\"https:\\\/\\\/ortodonciabarcelona.com\\\/blog-profesional\\\/\"},{\"@type\":\"ListItem\",\"position\":2,\"name\":\"Curso sobre \u201cLas Claves del \u00c9xito en la Cl\u00ednica de Ortodoncia. Tratamiento con brackets est\u00e9ticos\u201d\"}]},{\"@type\":\"WebSite\",\"@id\":\"https:\\\/\\\/ortodonciabarcelona.com\\\/blog-profesional\\\/#website\",\"url\":\"https:\\\/\\\/ortodonciabarcelona.com\\\/blog-profesional\\\/\",\"name\":\"Blog Profesional Ortodoncia Tres Torres\",\"description\":\"Blog profesional sobre ortodoncia\",\"publisher\":{\"@id\":\"https:\\\/\\\/ortodonciabarcelona.com\\\/blog-profesional\\\/#organization\"},\"potentialAction\":[{\"@type\":\"SearchAction\",\"target\":{\"@type\":\"EntryPoint\",\"urlTemplate\":\"https:\\\/\\\/ortodonciabarcelona.com\\\/blog-profesional\\\/?s={search_term_string}\"},\"query-input\":{\"@type\":\"PropertyValueSpecification\",\"valueRequired\":true,\"valueName\":\"search_term_string\"}}],\"inLanguage\":\"es\"},{\"@type\":\"Organization\",\"@id\":\"https:\\\/\\\/ortodonciabarcelona.com\\\/blog-profesional\\\/#organization\",\"name\":\"Blog Profesional Ortodoncia Tres Torres\",\"url\":\"https:\\\/\\\/ortodonciabarcelona.com\\\/blog-profesional\\\/\",\"logo\":{\"@type\":\"ImageObject\",\"inLanguage\":\"es\",\"@id\":\"https:\\\/\\\/ortodonciabarcelona.com\\\/blog-profesional\\\/#\\\/schema\\\/logo\\\/image\\\/\",\"url\":\"https:\\\/\\\/ortodonciabarcelona.com\\\/blog-profesional\\\/wp-content\\\/uploads\\\/2023\\\/05\\\/logo-blog-profesional-vertical.png\",\"contentUrl\":\"https:\\\/\\\/ortodonciabarcelona.com\\\/blog-profesional\\\/wp-content\\\/uploads\\\/2023\\\/05\\\/logo-blog-profesional-vertical.png\",\"width\":253,\"height\":323,\"caption\":\"Blog Profesional Ortodoncia Tres Torres\"},\"image\":{\"@id\":\"https:\\\/\\\/ortodonciabarcelona.com\\\/blog-profesional\\\/#\\\/schema\\\/logo\\\/image\\\/\"}},{\"@type\":\"Person\",\"@id\":\"https:\\\/\\\/ortodonciabarcelona.com\\\/blog-profesional\\\/#\\\/schema\\\/person\\\/6e8f1e4d584209c52f7c939dd0752f33\",\"name\":\"Dr. Fernando de la Iglesia Beyme\",\"image\":{\"@type\":\"ImageObject\",\"inLanguage\":\"es\",\"@id\":\"https:\\\/\\\/secure.gravatar.com\\\/avatar\\\/f556ae41fc83133c68363d54ff867b2e07ec9c9632768f5aa68fda5a3ea4abe8?s=96&d=mm&r=g\",\"url\":\"https:\\\/\\\/secure.gravatar.com\\\/avatar\\\/f556ae41fc83133c68363d54ff867b2e07ec9c9632768f5aa68fda5a3ea4abe8?s=96&d=mm&r=g\",\"contentUrl\":\"https:\\\/\\\/secure.gravatar.com\\\/avatar\\\/f556ae41fc83133c68363d54ff867b2e07ec9c9632768f5aa68fda5a3ea4abe8?s=96&d=mm&r=g\",\"caption\":\"Dr. Fernando de la Iglesia Beyme\"},\"description\":\"Licenciado en Odontolog\u00eda por la Universidad de Barcelona. M\u00e1ster y Doctor en Ortodoncia por la Universidad Internacional de Catalu\u00f1a. Miembro de la Sociedad Espa\u00f1ola de Ortodoncia (SEDO).\",\"sameAs\":[\"https:\\\/\\\/ortodonciabarcelona.com\\\/blog-profesional\\\/dr-fernando-de-la-iglesia\\\/\"]}]}<\/script>\n<!-- \/ Yoast SEO plugin. -->","yoast_head_json":{"title":"Curso las Claves del \u00c9xito en la Cl\u00ednica de Ortodoncia","description":"El Doctor Fernando de la Iglesia publica un art\u00edculo sobre Las Claves del \u00c9xito en la Cl\u00ednica de Ortodoncia y Tratamiento con brackets est\u00e9ticos","robots":{"index":"noindex","follow":"nofollow"},"og_locale":"es_ES","og_type":"article","og_title":"Curso las Claves del \u00c9xito en la Cl\u00ednica de Ortodoncia","og_description":"El Doctor Fernando de la Iglesia publica un art\u00edculo sobre Las Claves del \u00c9xito en la Cl\u00ednica de Ortodoncia y Tratamiento con brackets est\u00e9ticos","og_url":"https:\/\/ortodonciabarcelona.com\/blog-profesional\/curso-sobre-las-claves-del-exito-en-la-clinica-de-ortodoncia-tratamiento-con-brackets-esteticos\/","og_site_name":"Blog Profesional Ortodoncia Tres Torres","article_published_time":"2018-03-23T12:37:29+00:00","article_modified_time":"2023-06-01T08:16:11+00:00","og_image":[{"width":2544,"height":1114,"url":"https:\/\/ortodonciabarcelona.com\/blog-profesional\/wp-content\/uploads\/2018\/03\/ortodoncia-estetica-barcelona.png","type":"image\/png"}],"author":"Dr. Fernando de la Iglesia Beyme","twitter_misc":{"Escrito por":"Dr. Fernando de la Iglesia Beyme","Tiempo de lectura":"1 minuto"},"schema":{"@context":"https:\/\/schema.org","@graph":[{"@type":"Article","@id":"https:\/\/ortodonciabarcelona.com\/blog-profesional\/curso-sobre-las-claves-del-exito-en-la-clinica-de-ortodoncia-tratamiento-con-brackets-esteticos\/#article","isPartOf":{"@id":"https:\/\/ortodonciabarcelona.com\/blog-profesional\/curso-sobre-las-claves-del-exito-en-la-clinica-de-ortodoncia-tratamiento-con-brackets-esteticos\/"},"author":{"name":"Dr. Fernando de la Iglesia Beyme","@id":"https:\/\/ortodonciabarcelona.com\/blog-profesional\/#\/schema\/person\/6e8f1e4d584209c52f7c939dd0752f33"},"headline":"Curso sobre \u201cLas Claves del \u00c9xito en la Cl\u00ednica de Ortodoncia. Tratamiento con brackets est\u00e9ticos\u201d","datePublished":"2018-03-23T12:37:29+00:00","dateModified":"2023-06-01T08:16:11+00:00","mainEntityOfPage":{"@id":"https:\/\/ortodonciabarcelona.com\/blog-profesional\/curso-sobre-las-claves-del-exito-en-la-clinica-de-ortodoncia-tratamiento-con-brackets-esteticos\/"},"wordCount":128,"publisher":{"@id":"https:\/\/ortodonciabarcelona.com\/blog-profesional\/#organization"},"image":{"@id":"https:\/\/ortodonciabarcelona.com\/blog-profesional\/curso-sobre-las-claves-del-exito-en-la-clinica-de-ortodoncia-tratamiento-con-brackets-esteticos\/#primaryimage"},"thumbnailUrl":"https:\/\/ortodonciabarcelona.com\/blog-profesional\/wp-content\/uploads\/2018\/03\/ortodoncia-estetica-barcelona.png","articleSection":["noticias"],"inLanguage":"es"},{"@type":"WebPage","@id":"https:\/\/ortodonciabarcelona.com\/blog-profesional\/curso-sobre-las-claves-del-exito-en-la-clinica-de-ortodoncia-tratamiento-con-brackets-esteticos\/","url":"https:\/\/ortodonciabarcelona.com\/blog-profesional\/curso-sobre-las-claves-del-exito-en-la-clinica-de-ortodoncia-tratamiento-con-brackets-esteticos\/","name":"Curso las Claves del \u00c9xito en la Cl\u00ednica de Ortodoncia","isPartOf":{"@id":"https:\/\/ortodonciabarcelona.com\/blog-profesional\/#website"},"primaryImageOfPage":{"@id":"https:\/\/ortodonciabarcelona.com\/blog-profesional\/curso-sobre-las-claves-del-exito-en-la-clinica-de-ortodoncia-tratamiento-con-brackets-esteticos\/#primaryimage"},"image":{"@id":"https:\/\/ortodonciabarcelona.com\/blog-profesional\/curso-sobre-las-claves-del-exito-en-la-clinica-de-ortodoncia-tratamiento-con-brackets-esteticos\/#primaryimage"},"thumbnailUrl":"https:\/\/ortodonciabarcelona.com\/blog-profesional\/wp-content\/uploads\/2018\/03\/ortodoncia-estetica-barcelona.png","datePublished":"2018-03-23T12:37:29+00:00","dateModified":"2023-06-01T08:16:11+00:00","description":"El Doctor Fernando de la Iglesia publica un art\u00edculo sobre Las Claves del \u00c9xito en la Cl\u00ednica de Ortodoncia y Tratamiento con brackets est\u00e9ticos","breadcrumb":{"@id":"https:\/\/ortodonciabarcelona.com\/blog-profesional\/curso-sobre-las-claves-del-exito-en-la-clinica-de-ortodoncia-tratamiento-con-brackets-esteticos\/#breadcrumb"},"inLanguage":"es","potentialAction":[{"@type":"ReadAction","target":["https:\/\/ortodonciabarcelona.com\/blog-profesional\/curso-sobre-las-claves-del-exito-en-la-clinica-de-ortodoncia-tratamiento-con-brackets-esteticos\/"]}]},{"@type":"ImageObject","inLanguage":"es","@id":"https:\/\/ortodonciabarcelona.com\/blog-profesional\/curso-sobre-las-claves-del-exito-en-la-clinica-de-ortodoncia-tratamiento-con-brackets-esteticos\/#primaryimage","url":"https:\/\/ortodonciabarcelona.com\/blog-profesional\/wp-content\/uploads\/2018\/03\/ortodoncia-estetica-barcelona.png","contentUrl":"https:\/\/ortodonciabarcelona.com\/blog-profesional\/wp-content\/uploads\/2018\/03\/ortodoncia-estetica-barcelona.png","width":2544,"height":1114,"caption":"El Doctor Fernando de la Iglesia publica un art\u00edculo sobre \u201cLas Claves del \u00c9xito en la Cl\u00ednica de Ortodoncia. Tratamiento con brackets est\u00e9ticos\""},{"@type":"BreadcrumbList","@id":"https:\/\/ortodonciabarcelona.com\/blog-profesional\/curso-sobre-las-claves-del-exito-en-la-clinica-de-ortodoncia-tratamiento-con-brackets-esteticos\/#breadcrumb","itemListElement":[{"@type":"ListItem","position":1,"name":"Portada","item":"https:\/\/ortodonciabarcelona.com\/blog-profesional\/"},{"@type":"ListItem","position":2,"name":"Curso sobre \u201cLas Claves del \u00c9xito en la Cl\u00ednica de Ortodoncia. Tratamiento con brackets est\u00e9ticos\u201d"}]},{"@type":"WebSite","@id":"https:\/\/ortodonciabarcelona.com\/blog-profesional\/#website","url":"https:\/\/ortodonciabarcelona.com\/blog-profesional\/","name":"Blog Profesional Ortodoncia Tres Torres","description":"Blog profesional sobre ortodoncia","publisher":{"@id":"https:\/\/ortodonciabarcelona.com\/blog-profesional\/#organization"},"potentialAction":[{"@type":"SearchAction","target":{"@type":"EntryPoint","urlTemplate":"https:\/\/ortodonciabarcelona.com\/blog-profesional\/?s={search_term_string}"},"query-input":{"@type":"PropertyValueSpecification","valueRequired":true,"valueName":"search_term_string"}}],"inLanguage":"es"},{"@type":"Organization","@id":"https:\/\/ortodonciabarcelona.com\/blog-profesional\/#organization","name":"Blog Profesional Ortodoncia Tres Torres","url":"https:\/\/ortodonciabarcelona.com\/blog-profesional\/","logo":{"@type":"ImageObject","inLanguage":"es","@id":"https:\/\/ortodonciabarcelona.com\/blog-profesional\/#\/schema\/logo\/image\/","url":"https:\/\/ortodonciabarcelona.com\/blog-profesional\/wp-content\/uploads\/2023\/05\/logo-blog-profesional-vertical.png","contentUrl":"https:\/\/ortodonciabarcelona.com\/blog-profesional\/wp-content\/uploads\/2023\/05\/logo-blog-profesional-vertical.png","width":253,"height":323,"caption":"Blog Profesional Ortodoncia Tres Torres"},"image":{"@id":"https:\/\/ortodonciabarcelona.com\/blog-profesional\/#\/schema\/logo\/image\/"}},{"@type":"Person","@id":"https:\/\/ortodonciabarcelona.com\/blog-profesional\/#\/schema\/person\/6e8f1e4d584209c52f7c939dd0752f33","name":"Dr. Fernando de la Iglesia Beyme","image":{"@type":"ImageObject","inLanguage":"es","@id":"https:\/\/secure.gravatar.com\/avatar\/f556ae41fc83133c68363d54ff867b2e07ec9c9632768f5aa68fda5a3ea4abe8?s=96&d=mm&r=g","url":"https:\/\/secure.gravatar.com\/avatar\/f556ae41fc83133c68363d54ff867b2e07ec9c9632768f5aa68fda5a3ea4abe8?s=96&d=mm&r=g","contentUrl":"https:\/\/secure.gravatar.com\/avatar\/f556ae41fc83133c68363d54ff867b2e07ec9c9632768f5aa68fda5a3ea4abe8?s=96&d=mm&r=g","caption":"Dr. Fernando de la Iglesia Beyme"},"description":"Licenciado en Odontolog\u00eda por la Universidad de Barcelona. M\u00e1ster y Doctor en Ortodoncia por la Universidad Internacional de Catalu\u00f1a. Miembro de la Sociedad Espa\u00f1ola de Ortodoncia (SEDO).","sameAs":["https:\/\/ortodonciabarcelona.com\/blog-profesional\/dr-fernando-de-la-iglesia\/"]}]}},"_links":{"self":[{"href":"https:\/\/ortodonciabarcelona.com\/blog-profesional\/wp-json\/wp\/v2\/posts\/987","targetHints":{"allow":["GET"]}}],"collection":[{"href":"https:\/\/ortodonciabarcelona.com\/blog-profesional\/wp-json\/wp\/v2\/posts"}],"about":[{"href":"https:\/\/ortodonciabarcelona.com\/blog-profesional\/wp-json\/wp\/v2\/types\/post"}],"author":[{"embeddable":true,"href":"https:\/\/ortodonciabarcelona.com\/blog-profesional\/wp-json\/wp\/v2\/users\/2"}],"replies":[{"embeddable":true,"href":"https:\/\/ortodonciabarcelona.com\/blog-profesional\/wp-json\/wp\/v2\/comments?post=987"}],"version-history":[{"count":6,"href":"https:\/\/ortodonciabarcelona.com\/blog-profesional\/wp-json\/wp\/v2\/posts\/987\/revisions"}],"predecessor-version":[{"id":1084,"href":"https:\/\/ortodonciabarcelona.com\/blog-profesional\/wp-json\/wp\/v2\/posts\/987\/revisions\/1084"}],"wp:featuredmedia":[{"embeddable":true,"href":"https:\/\/ortodonciabarcelona.com\/blog-profesional\/wp-json\/wp\/v2\/media\/990"}],"wp:attachment":[{"href":"https:\/\/ortodonciabarcelona.com\/blog-profesional\/wp-json\/wp\/v2\/media?parent=987"}],"wp:term":[{"taxonomy":"category","embeddable":true,"href":"https:\/\/ortodonciabarcelona.com\/blog-profesional\/wp-json\/wp\/v2\/categories?post=987"},{"taxonomy":"post_tag","embeddable":true,"href":"https:\/\/ortodonciabarcelona.com\/blog-profesional\/wp-json\/wp\/v2\/tags?post=987"}],"curies":[{"name":"wp","href":"https:\/\/api.w.org\/{rel}","templated":true}]}}