{"id":531,"date":"2013-06-30T21:50:00","date_gmt":"2013-06-30T21:50:00","guid":{"rendered":"https:\/\/ortodonciabarcelona.com\/blog-profesional\/ortodoncia-y-estetica-dental-mediante-extracciones-dentales\/"},"modified":"2019-02-20T09:55:35","modified_gmt":"2019-02-20T09:55:35","slug":"ortodoncia-y-estetica-dental-mediante-extracciones-dentales","status":"publish","type":"post","link":"https:\/\/ortodonciabarcelona.com\/blog-profesional\/ortodoncia-y-estetica-dental-mediante-extracciones-dentales\/","title":{"rendered":"Ortodoncia y est\u00e9tica dental mediante extracciones dentales"},"content":{"rendered":"<p>\u00bfEs un problema o es una necesidad?<\/p>\n<p>A menudo sucede que los padres acuden al dentista preocupados por la mordedura incorrecta de sus hijos\/as, por la est\u00e9tica dental<b>,<\/b> o por una mal posici\u00f3n de sus dientes que necesitar\u00e1 un tratamiento de ortodoncia para corregirse.<br \/>\nEn ocasiones, y seg\u00fan el estudio que haga el especialista en ortodoncia<b> <\/b>de su situaci\u00f3n en particular, puede ser necesaria la extracci\u00f3n de uno o varios dientes para poder lograr un resultado \u00f3ptimo y saludable para el paciente. Por esto, es importante que la valoraci\u00f3n de estos casos la lleve a cabo un ortodoncista especializado, para poder hacer un apropiado diagn\u00f3stico y ofrecer las explicaciones pertinentes y aclaraciones de dudas surgidas.<br \/>\nLas dos situaciones m\u00e1s comunes en las que su ortodoncista puede indicar la extracci\u00f3n dental son: la<b> <\/b>diferencia de tama\u00f1o entre la parte superior e inferior de la boca (resalte dental)<b>,<\/b> se puede reconocer f\u00e1cilmente por la falta de contacto entre los dientes superiores e inferiores<b><i> <\/i><\/b>(Figura 1)<\/p>\n<p><a style=\"margin-left: auto; margin-right: auto;\" href=\"https:\/\/ortodonciabarcelona.com\/blog-profesional\/wp-content\/uploads\/2013\/06\/resaltedentalblog-1.jpg\"><img class=\"lazyload\" decoding=\"async\" src=\"data:image\/svg+xml,%3Csvg%20xmlns%3D%27http%3A%2F%2Fwww.w3.org%2F2000%2Fsvg%27%20width%3D%27640%27%20height%3D%27124%27%20viewBox%3D%270%200%20640%20124%27%3E%3Crect%20width%3D%27640%27%20height%3D%27124%27%20fill-opacity%3D%220%22%2F%3E%3C%2Fsvg%3E\" data-orig-src=\"https:\/\/ortodonciabarcelona.com\/blog-profesional\/wp-content\/uploads\/2013\/06\/resaltedentalblog.jpg\" width=\"640\" height=\"124\" border=\"0\" \/><br \/>\n<\/a>Figura 1. Resalte dentaly<b style=\"font-family: Arial,Helvetica,sans-serif;\"><i>\u00a0<\/i><\/b>la falta de espacio<b style=\"font-family: Arial,Helvetica,sans-serif;\"><i>,\u00a0<\/i><\/b>donde suele apreciarse el api\u00f1amiento dental o mal posici\u00f3n\u00a0(Figura 2).<br \/>\n<a style=\"margin-left: auto; margin-right: auto;\" href=\"https:\/\/ortodonciabarcelona.com\/blog-profesional\/wp-content\/uploads\/2013\/06\/figura2.ApiC3B1amientoseverodentalblog-1.jpg\"><img class=\"lazyload\" decoding=\"async\" src=\"data:image\/svg+xml,%3Csvg%20xmlns%3D%27http%3A%2F%2Fwww.w3.org%2F2000%2Fsvg%27%20width%3D%27640%27%20height%3D%27128%27%20viewBox%3D%270%200%20640%20128%27%3E%3Crect%20width%3D%27640%27%20height%3D%27128%27%20fill-opacity%3D%220%22%2F%3E%3C%2Fsvg%3E\" data-orig-src=\"https:\/\/ortodonciabarcelona.com\/blog-profesional\/wp-content\/uploads\/2013\/06\/figura2.ApiC3B1amientoseverodentalblog.jpg\" width=\"640\" height=\"128\" border=\"0\" \/><br \/>\n<\/a>Figura 2. Api\u00f1amiento dental severo<\/p>\n<p>La realizaci\u00f3n de extracciones dentales para el correcto tratamiento de ortodoncia no perjudica la est\u00e9tica dental, ni la est\u00e9tica facial, ni de la sonrisa, siempre y cuando se haya efectuado un diagn\u00f3stico adecuado del caso.<br \/>\nPor lo tanto, evitar realizar las extracciones dentales en un tratamiento de ortodoncia, puede llegar a ser perjudicial para el paciente, para la salud de sus enc\u00edas y para su est\u00e9tica dental y facial. No existen sistemas ni t\u00e9cnicas m\u00e1gicas\u00a0\u00a0para evitar realizar extracciones, lo que debe imperar siempre es el diagn\u00f3stico correcto y espec\u00edfico en cada paciente, basado en el conocimiento y en la evidencia cient\u00edfica y demostrada.<br \/>\nLa ortodoncia podr\u00e1 realizarse mediante t\u00e9cnicas con brackets, brackets linguales, brackets invisibles, brackets est\u00e9ticos, Invisalign, o cualquiera de las t\u00e9cnicas que su ortodoncista maneje y considere apropiadas para su tratamiento.A continuaci\u00f3n mostramos el desarrollo de un caso de falta de espacio donde hemos extra\u00eddo 4 dientes (2 premolares superiores y 2 premolares inferiores). Puede observarse como el resultado final es \u00f3ptimo, la est\u00e9tica facial y de la sonrisa ha mejorado, la oclusi\u00f3n dental es la ideal, y de ninguna manera se aprecia la falta de los dientes ausentes.<\/p>\n<p><a style=\"margin-left: auto; margin-right: auto;\" href=\"https:\/\/ortodonciabarcelona.com\/blog-profesional\/wp-content\/uploads\/2013\/06\/extraccionesdentalesblog-1.jpg\"><img class=\"lazyload\" decoding=\"async\" src=\"data:image\/svg+xml,%3Csvg%20xmlns%3D%27http%3A%2F%2Fwww.w3.org%2F2000%2Fsvg%27%20width%3D%27640%27%20height%3D%27128%27%20viewBox%3D%270%200%20640%20128%27%3E%3Crect%20width%3D%27640%27%20height%3D%27128%27%20fill-opacity%3D%220%22%2F%3E%3C%2Fsvg%3E\" data-orig-src=\"https:\/\/ortodonciabarcelona.com\/blog-profesional\/wp-content\/uploads\/2013\/06\/extraccionesdentalesblog.jpg\" width=\"640\" height=\"128\" border=\"0\" \/><br \/>\n<\/a>Figura 3. Resultado tras el tratamiento de ortodoncia con cuatro extracciones del paciente de la figura 2.<\/p>\n<p><a style=\"margin-left: auto; margin-right: auto;\" href=\"https:\/\/ortodonciabarcelona.com\/blog-profesional\/wp-content\/uploads\/2013\/06\/sonrisapostextraccionesblog-1.jpg\"><img class=\"lazyload\" decoding=\"async\" src=\"data:image\/svg+xml,%3Csvg%20xmlns%3D%27http%3A%2F%2Fwww.w3.org%2F2000%2Fsvg%27%20width%3D%27640%27%20height%3D%27180%27%20viewBox%3D%270%200%20640%20180%27%3E%3Crect%20width%3D%27640%27%20height%3D%27180%27%20fill-opacity%3D%220%22%2F%3E%3C%2Fsvg%3E\" data-orig-src=\"https:\/\/ortodonciabarcelona.com\/blog-profesional\/wp-content\/uploads\/2013\/06\/sonrisapostextraccionesblog.jpg\" width=\"640\" height=\"180\" border=\"0\" \/><br \/>\n<\/a>Figura 4. Sonrisa antes y despu\u00e9s del tratamiento de ortodoncia con cuatro extracciones de premolares<\/p>\n\n\n<div class=\"kk-star-ratings kksr-auto kksr-align-left kksr-valign-bottom\"\n    data-payload='{&quot;align&quot;:&quot;left&quot;,&quot;id&quot;:&quot;531&quot;,&quot;slug&quot;:&quot;default&quot;,&quot;valign&quot;:&quot;bottom&quot;,&quot;ignore&quot;:&quot;&quot;,&quot;reference&quot;:&quot;auto&quot;,&quot;class&quot;:&quot;&quot;,&quot;count&quot;:&quot;2&quot;,&quot;legendonly&quot;:&quot;&quot;,&quot;readonly&quot;:&quot;&quot;,&quot;score&quot;:&quot;1&quot;,&quot;starsonly&quot;:&quot;&quot;,&quot;best&quot;:&quot;5&quot;,&quot;gap&quot;:&quot;5&quot;,&quot;greet&quot;:&quot;Punt\u00faa este post&quot;,&quot;legend&quot;:&quot;1\\\/5 - (2 votos)&quot;,&quot;size&quot;:&quot;24&quot;,&quot;title&quot;:&quot;Ortodoncia y est\u00e9tica dental mediante extracciones dentales&quot;,&quot;width&quot;:&quot;26.5&quot;,&quot;_legend&quot;:&quot;{score}\\\/{best} - ({count} {votes})&quot;,&quot;font_factor&quot;:&quot;1.25&quot;}'>\n            \n<div class=\"kksr-stars\">\n    \n<div class=\"kksr-stars-inactive\">\n            <div class=\"kksr-star\" data-star=\"1\" style=\"padding-right: 5px\">\n            \n\n<div class=\"kksr-icon\" style=\"width: 24px; height: 24px;\"><\/div>\n        <\/div>\n            <div class=\"kksr-star\" data-star=\"2\" style=\"padding-right: 5px\">\n            \n\n<div class=\"kksr-icon\" style=\"width: 24px; height: 24px;\"><\/div>\n        <\/div>\n            <div class=\"kksr-star\" data-star=\"3\" style=\"padding-right: 5px\">\n            \n\n<div class=\"kksr-icon\" style=\"width: 24px; height: 24px;\"><\/div>\n        <\/div>\n            <div class=\"kksr-star\" data-star=\"4\" style=\"padding-right: 5px\">\n            \n\n<div class=\"kksr-icon\" style=\"width: 24px; height: 24px;\"><\/div>\n        <\/div>\n            <div class=\"kksr-star\" data-star=\"5\" style=\"padding-right: 5px\">\n            \n\n<div class=\"kksr-icon\" style=\"width: 24px; height: 24px;\"><\/div>\n        <\/div>\n    <\/div>\n    \n<div class=\"kksr-stars-active\" style=\"width: 26.5px;\">\n            <div class=\"kksr-star\" style=\"padding-right: 5px\">\n            \n\n<div class=\"kksr-icon\" style=\"width: 24px; height: 24px;\"><\/div>\n        <\/div>\n            <div class=\"kksr-star\" style=\"padding-right: 5px\">\n            \n\n<div class=\"kksr-icon\" style=\"width: 24px; height: 24px;\"><\/div>\n        <\/div>\n            <div class=\"kksr-star\" style=\"padding-right: 5px\">\n            \n\n<div class=\"kksr-icon\" style=\"width: 24px; height: 24px;\"><\/div>\n        <\/div>\n            <div class=\"kksr-star\" style=\"padding-right: 5px\">\n            \n\n<div class=\"kksr-icon\" style=\"width: 24px; height: 24px;\"><\/div>\n        <\/div>\n            <div class=\"kksr-star\" style=\"padding-right: 5px\">\n            \n\n<div class=\"kksr-icon\" style=\"width: 24px; height: 24px;\"><\/div>\n        <\/div>\n    <\/div>\n<\/div>\n                \n\n<div class=\"kksr-legend\" style=\"font-size: 19.2px;\">\n            1\/5 - (2 votos)    <\/div>\n    <\/div>\n","protected":false},"excerpt":{"rendered":"<p>\u00bfEs un problema o es una necesidad? A menudo sucede  [&#8230;]<\/p>\n","protected":false},"author":2,"featured_media":648,"comment_status":"closed","ping_status":"open","sticky":false,"template":"","format":"standard","meta":{"footnotes":""},"categories":[21],"tags":[],"class_list":["post-531","post","type-post","status-publish","format-standard","has-post-thumbnail","hentry","category-casos"],"yoast_head":"<!-- This site is optimized with the Yoast SEO plugin v27.3 - https:\/\/yoast.com\/product\/yoast-seo-wordpress\/ -->\n<title>Ortodoncia y est\u00e9tica dental mediante extracciones dentales<\/title>\n<meta name=\"description\" content=\"El Doctor Fernando de la Iglesia publica un art\u00edculo sobre ortodoncia y est\u00e9tica dental mediante extracciones dentales\" \/>\n<meta name=\"robots\" content=\"index, follow, max-snippet:-1, max-image-preview:large, max-video-preview:-1\" \/>\n<link rel=\"canonical\" href=\"https:\/\/ortodonciabarcelona.com\/blog-profesional\/wp-json\/wp\/v2\/posts\/531\" \/>\n<meta property=\"og:locale\" content=\"es_ES\" \/>\n<meta property=\"og:type\" content=\"article\" \/>\n<meta property=\"og:title\" content=\"Ortodoncia y est\u00e9tica dental mediante extracciones dentales\" \/>\n<meta property=\"og:description\" content=\"El Doctor Fernando de la Iglesia publica un art\u00edculo sobre ortodoncia y est\u00e9tica dental mediante extracciones dentales\" \/>\n<meta property=\"og:url\" content=\"https:\/\/ortodonciabarcelona.com\/blog-profesional\/ortodoncia-y-estetica-dental-mediante-extracciones-dentales\/\" \/>\n<meta property=\"og:site_name\" content=\"Blog Profesional Ortodoncia Tres Torres\" \/>\n<meta property=\"article:published_time\" content=\"2013-06-30T21:50:00+00:00\" \/>\n<meta property=\"article:modified_time\" content=\"2019-02-20T09:55:35+00:00\" \/>\n<meta property=\"og:image\" content=\"https:\/\/ortodonciabarcelona.com\/blog-profesional\/wp-content\/uploads\/2013\/06\/resaltedentalblog.jpg\" \/>\n\t<meta property=\"og:image:width\" content=\"640\" \/>\n\t<meta property=\"og:image:height\" content=\"127\" \/>\n\t<meta property=\"og:image:type\" content=\"image\/jpeg\" \/>\n<meta name=\"author\" content=\"Dr. Fernando de la Iglesia Beyme\" \/>\n<meta name=\"twitter:label1\" content=\"Escrito por\" \/>\n\t<meta name=\"twitter:data1\" content=\"Dr. Fernando de la Iglesia Beyme\" \/>\n\t<meta name=\"twitter:label2\" content=\"Tiempo de lectura\" \/>\n\t<meta name=\"twitter:data2\" content=\"2 minutos\" \/>\n<script type=\"application\/ld+json\" class=\"yoast-schema-graph\">{\"@context\":\"https:\\\/\\\/schema.org\",\"@graph\":[{\"@type\":\"Article\",\"@id\":\"https:\\\/\\\/ortodonciabarcelona.com\\\/blog-profesional\\\/ortodoncia-y-estetica-dental-mediante-extracciones-dentales\\\/#article\",\"isPartOf\":{\"@id\":\"https:\\\/\\\/ortodonciabarcelona.com\\\/blog-profesional\\\/ortodoncia-y-estetica-dental-mediante-extracciones-dentales\\\/\"},\"author\":{\"name\":\"Dr. Fernando de la Iglesia Beyme\",\"@id\":\"https:\\\/\\\/ortodonciabarcelona.com\\\/blog-profesional\\\/#\\\/schema\\\/person\\\/6e8f1e4d584209c52f7c939dd0752f33\"},\"headline\":\"Ortodoncia y est\u00e9tica dental mediante extracciones dentales\",\"datePublished\":\"2013-06-30T21:50:00+00:00\",\"dateModified\":\"2019-02-20T09:55:35+00:00\",\"mainEntityOfPage\":{\"@id\":\"https:\\\/\\\/ortodonciabarcelona.com\\\/blog-profesional\\\/ortodoncia-y-estetica-dental-mediante-extracciones-dentales\\\/\"},\"wordCount\":444,\"publisher\":{\"@id\":\"https:\\\/\\\/ortodonciabarcelona.com\\\/blog-profesional\\\/#organization\"},\"image\":{\"@id\":\"https:\\\/\\\/ortodonciabarcelona.com\\\/blog-profesional\\\/ortodoncia-y-estetica-dental-mediante-extracciones-dentales\\\/#primaryimage\"},\"thumbnailUrl\":\"https:\\\/\\\/ortodonciabarcelona.com\\\/blog-profesional\\\/wp-content\\\/uploads\\\/2013\\\/06\\\/resaltedentalblog.jpg\",\"articleSection\":[\"casos\"],\"inLanguage\":\"es\"},{\"@type\":\"WebPage\",\"@id\":\"https:\\\/\\\/ortodonciabarcelona.com\\\/blog-profesional\\\/ortodoncia-y-estetica-dental-mediante-extracciones-dentales\\\/\",\"url\":\"https:\\\/\\\/ortodonciabarcelona.com\\\/blog-profesional\\\/ortodoncia-y-estetica-dental-mediante-extracciones-dentales\\\/\",\"name\":\"Ortodoncia y est\u00e9tica dental mediante extracciones dentales\",\"isPartOf\":{\"@id\":\"https:\\\/\\\/ortodonciabarcelona.com\\\/blog-profesional\\\/#website\"},\"primaryImageOfPage\":{\"@id\":\"https:\\\/\\\/ortodonciabarcelona.com\\\/blog-profesional\\\/ortodoncia-y-estetica-dental-mediante-extracciones-dentales\\\/#primaryimage\"},\"image\":{\"@id\":\"https:\\\/\\\/ortodonciabarcelona.com\\\/blog-profesional\\\/ortodoncia-y-estetica-dental-mediante-extracciones-dentales\\\/#primaryimage\"},\"thumbnailUrl\":\"https:\\\/\\\/ortodonciabarcelona.com\\\/blog-profesional\\\/wp-content\\\/uploads\\\/2013\\\/06\\\/resaltedentalblog.jpg\",\"datePublished\":\"2013-06-30T21:50:00+00:00\",\"dateModified\":\"2019-02-20T09:55:35+00:00\",\"description\":\"El Doctor Fernando de la Iglesia publica un art\u00edculo sobre ortodoncia y est\u00e9tica dental mediante extracciones dentales\",\"breadcrumb\":{\"@id\":\"https:\\\/\\\/ortodonciabarcelona.com\\\/blog-profesional\\\/ortodoncia-y-estetica-dental-mediante-extracciones-dentales\\\/#breadcrumb\"},\"inLanguage\":\"es\",\"potentialAction\":[{\"@type\":\"ReadAction\",\"target\":[\"https:\\\/\\\/ortodonciabarcelona.com\\\/blog-profesional\\\/ortodoncia-y-estetica-dental-mediante-extracciones-dentales\\\/\"]}]},{\"@type\":\"ImageObject\",\"inLanguage\":\"es\",\"@id\":\"https:\\\/\\\/ortodonciabarcelona.com\\\/blog-profesional\\\/ortodoncia-y-estetica-dental-mediante-extracciones-dentales\\\/#primaryimage\",\"url\":\"https:\\\/\\\/ortodonciabarcelona.com\\\/blog-profesional\\\/wp-content\\\/uploads\\\/2013\\\/06\\\/resaltedentalblog.jpg\",\"contentUrl\":\"https:\\\/\\\/ortodonciabarcelona.com\\\/blog-profesional\\\/wp-content\\\/uploads\\\/2013\\\/06\\\/resaltedentalblog.jpg\",\"width\":640,\"height\":127,\"caption\":\"Foto 1 del art\u00edculo del Doctor Fernando de la Iglesia sobre Ortodoncia y Est\u00e9tica Dental mediante extracciones dentales\"},{\"@type\":\"BreadcrumbList\",\"@id\":\"https:\\\/\\\/ortodonciabarcelona.com\\\/blog-profesional\\\/ortodoncia-y-estetica-dental-mediante-extracciones-dentales\\\/#breadcrumb\",\"itemListElement\":[{\"@type\":\"ListItem\",\"position\":1,\"name\":\"Portada\",\"item\":\"https:\\\/\\\/ortodonciabarcelona.com\\\/blog-profesional\\\/\"},{\"@type\":\"ListItem\",\"position\":2,\"name\":\"Ortodoncia y est\u00e9tica dental mediante extracciones dentales\"}]},{\"@type\":\"WebSite\",\"@id\":\"https:\\\/\\\/ortodonciabarcelona.com\\\/blog-profesional\\\/#website\",\"url\":\"https:\\\/\\\/ortodonciabarcelona.com\\\/blog-profesional\\\/\",\"name\":\"Blog Profesional Ortodoncia Tres Torres\",\"description\":\"Blog profesional sobre ortodoncia\",\"publisher\":{\"@id\":\"https:\\\/\\\/ortodonciabarcelona.com\\\/blog-profesional\\\/#organization\"},\"potentialAction\":[{\"@type\":\"SearchAction\",\"target\":{\"@type\":\"EntryPoint\",\"urlTemplate\":\"https:\\\/\\\/ortodonciabarcelona.com\\\/blog-profesional\\\/?s={search_term_string}\"},\"query-input\":{\"@type\":\"PropertyValueSpecification\",\"valueRequired\":true,\"valueName\":\"search_term_string\"}}],\"inLanguage\":\"es\"},{\"@type\":\"Organization\",\"@id\":\"https:\\\/\\\/ortodonciabarcelona.com\\\/blog-profesional\\\/#organization\",\"name\":\"Blog Profesional Ortodoncia Tres Torres\",\"url\":\"https:\\\/\\\/ortodonciabarcelona.com\\\/blog-profesional\\\/\",\"logo\":{\"@type\":\"ImageObject\",\"inLanguage\":\"es\",\"@id\":\"https:\\\/\\\/ortodonciabarcelona.com\\\/blog-profesional\\\/#\\\/schema\\\/logo\\\/image\\\/\",\"url\":\"https:\\\/\\\/ortodonciabarcelona.com\\\/blog-profesional\\\/wp-content\\\/uploads\\\/2023\\\/05\\\/logo-blog-profesional-vertical.png\",\"contentUrl\":\"https:\\\/\\\/ortodonciabarcelona.com\\\/blog-profesional\\\/wp-content\\\/uploads\\\/2023\\\/05\\\/logo-blog-profesional-vertical.png\",\"width\":253,\"height\":323,\"caption\":\"Blog Profesional Ortodoncia Tres Torres\"},\"image\":{\"@id\":\"https:\\\/\\\/ortodonciabarcelona.com\\\/blog-profesional\\\/#\\\/schema\\\/logo\\\/image\\\/\"}},{\"@type\":\"Person\",\"@id\":\"https:\\\/\\\/ortodonciabarcelona.com\\\/blog-profesional\\\/#\\\/schema\\\/person\\\/6e8f1e4d584209c52f7c939dd0752f33\",\"name\":\"Dr. Fernando de la Iglesia Beyme\",\"image\":{\"@type\":\"ImageObject\",\"inLanguage\":\"es\",\"@id\":\"https:\\\/\\\/secure.gravatar.com\\\/avatar\\\/f556ae41fc83133c68363d54ff867b2e07ec9c9632768f5aa68fda5a3ea4abe8?s=96&d=mm&r=g\",\"url\":\"https:\\\/\\\/secure.gravatar.com\\\/avatar\\\/f556ae41fc83133c68363d54ff867b2e07ec9c9632768f5aa68fda5a3ea4abe8?s=96&d=mm&r=g\",\"contentUrl\":\"https:\\\/\\\/secure.gravatar.com\\\/avatar\\\/f556ae41fc83133c68363d54ff867b2e07ec9c9632768f5aa68fda5a3ea4abe8?s=96&d=mm&r=g\",\"caption\":\"Dr. Fernando de la Iglesia Beyme\"},\"description\":\"Licenciado en Odontolog\u00eda por la Universidad de Barcelona. M\u00e1ster y Doctor en Ortodoncia por la Universidad Internacional de Catalu\u00f1a. Miembro de la Sociedad Espa\u00f1ola de Ortodoncia (SEDO).\",\"sameAs\":[\"https:\\\/\\\/ortodonciabarcelona.com\\\/blog-profesional\\\/dr-fernando-de-la-iglesia\\\/\"]}]}<\/script>\n<!-- \/ Yoast SEO plugin. -->","yoast_head_json":{"title":"Ortodoncia y est\u00e9tica dental mediante extracciones dentales","description":"El Doctor Fernando de la Iglesia publica un art\u00edculo sobre ortodoncia y est\u00e9tica dental mediante extracciones dentales","robots":{"index":"index","follow":"follow","max-snippet":"max-snippet:-1","max-image-preview":"max-image-preview:large","max-video-preview":"max-video-preview:-1"},"canonical":"https:\/\/ortodonciabarcelona.com\/blog-profesional\/wp-json\/wp\/v2\/posts\/531","og_locale":"es_ES","og_type":"article","og_title":"Ortodoncia y est\u00e9tica dental mediante extracciones dentales","og_description":"El Doctor Fernando de la Iglesia publica un art\u00edculo sobre ortodoncia y est\u00e9tica dental mediante extracciones dentales","og_url":"https:\/\/ortodonciabarcelona.com\/blog-profesional\/ortodoncia-y-estetica-dental-mediante-extracciones-dentales\/","og_site_name":"Blog Profesional Ortodoncia Tres Torres","article_published_time":"2013-06-30T21:50:00+00:00","article_modified_time":"2019-02-20T09:55:35+00:00","og_image":[{"width":640,"height":127,"url":"https:\/\/ortodonciabarcelona.com\/blog-profesional\/wp-content\/uploads\/2013\/06\/resaltedentalblog.jpg","type":"image\/jpeg"}],"author":"Dr. Fernando de la Iglesia Beyme","twitter_misc":{"Escrito por":"Dr. Fernando de la Iglesia Beyme","Tiempo de lectura":"2 minutos"},"schema":{"@context":"https:\/\/schema.org","@graph":[{"@type":"Article","@id":"https:\/\/ortodonciabarcelona.com\/blog-profesional\/ortodoncia-y-estetica-dental-mediante-extracciones-dentales\/#article","isPartOf":{"@id":"https:\/\/ortodonciabarcelona.com\/blog-profesional\/ortodoncia-y-estetica-dental-mediante-extracciones-dentales\/"},"author":{"name":"Dr. Fernando de la Iglesia Beyme","@id":"https:\/\/ortodonciabarcelona.com\/blog-profesional\/#\/schema\/person\/6e8f1e4d584209c52f7c939dd0752f33"},"headline":"Ortodoncia y est\u00e9tica dental mediante extracciones dentales","datePublished":"2013-06-30T21:50:00+00:00","dateModified":"2019-02-20T09:55:35+00:00","mainEntityOfPage":{"@id":"https:\/\/ortodonciabarcelona.com\/blog-profesional\/ortodoncia-y-estetica-dental-mediante-extracciones-dentales\/"},"wordCount":444,"publisher":{"@id":"https:\/\/ortodonciabarcelona.com\/blog-profesional\/#organization"},"image":{"@id":"https:\/\/ortodonciabarcelona.com\/blog-profesional\/ortodoncia-y-estetica-dental-mediante-extracciones-dentales\/#primaryimage"},"thumbnailUrl":"https:\/\/ortodonciabarcelona.com\/blog-profesional\/wp-content\/uploads\/2013\/06\/resaltedentalblog.jpg","articleSection":["casos"],"inLanguage":"es"},{"@type":"WebPage","@id":"https:\/\/ortodonciabarcelona.com\/blog-profesional\/ortodoncia-y-estetica-dental-mediante-extracciones-dentales\/","url":"https:\/\/ortodonciabarcelona.com\/blog-profesional\/ortodoncia-y-estetica-dental-mediante-extracciones-dentales\/","name":"Ortodoncia y est\u00e9tica dental mediante extracciones dentales","isPartOf":{"@id":"https:\/\/ortodonciabarcelona.com\/blog-profesional\/#website"},"primaryImageOfPage":{"@id":"https:\/\/ortodonciabarcelona.com\/blog-profesional\/ortodoncia-y-estetica-dental-mediante-extracciones-dentales\/#primaryimage"},"image":{"@id":"https:\/\/ortodonciabarcelona.com\/blog-profesional\/ortodoncia-y-estetica-dental-mediante-extracciones-dentales\/#primaryimage"},"thumbnailUrl":"https:\/\/ortodonciabarcelona.com\/blog-profesional\/wp-content\/uploads\/2013\/06\/resaltedentalblog.jpg","datePublished":"2013-06-30T21:50:00+00:00","dateModified":"2019-02-20T09:55:35+00:00","description":"El Doctor Fernando de la Iglesia publica un art\u00edculo sobre ortodoncia y est\u00e9tica dental mediante extracciones dentales","breadcrumb":{"@id":"https:\/\/ortodonciabarcelona.com\/blog-profesional\/ortodoncia-y-estetica-dental-mediante-extracciones-dentales\/#breadcrumb"},"inLanguage":"es","potentialAction":[{"@type":"ReadAction","target":["https:\/\/ortodonciabarcelona.com\/blog-profesional\/ortodoncia-y-estetica-dental-mediante-extracciones-dentales\/"]}]},{"@type":"ImageObject","inLanguage":"es","@id":"https:\/\/ortodonciabarcelona.com\/blog-profesional\/ortodoncia-y-estetica-dental-mediante-extracciones-dentales\/#primaryimage","url":"https:\/\/ortodonciabarcelona.com\/blog-profesional\/wp-content\/uploads\/2013\/06\/resaltedentalblog.jpg","contentUrl":"https:\/\/ortodonciabarcelona.com\/blog-profesional\/wp-content\/uploads\/2013\/06\/resaltedentalblog.jpg","width":640,"height":127,"caption":"Foto 1 del art\u00edculo del Doctor Fernando de la Iglesia sobre Ortodoncia y Est\u00e9tica Dental mediante extracciones dentales"},{"@type":"BreadcrumbList","@id":"https:\/\/ortodonciabarcelona.com\/blog-profesional\/ortodoncia-y-estetica-dental-mediante-extracciones-dentales\/#breadcrumb","itemListElement":[{"@type":"ListItem","position":1,"name":"Portada","item":"https:\/\/ortodonciabarcelona.com\/blog-profesional\/"},{"@type":"ListItem","position":2,"name":"Ortodoncia y est\u00e9tica dental mediante extracciones dentales"}]},{"@type":"WebSite","@id":"https:\/\/ortodonciabarcelona.com\/blog-profesional\/#website","url":"https:\/\/ortodonciabarcelona.com\/blog-profesional\/","name":"Blog Profesional Ortodoncia Tres Torres","description":"Blog profesional sobre ortodoncia","publisher":{"@id":"https:\/\/ortodonciabarcelona.com\/blog-profesional\/#organization"},"potentialAction":[{"@type":"SearchAction","target":{"@type":"EntryPoint","urlTemplate":"https:\/\/ortodonciabarcelona.com\/blog-profesional\/?s={search_term_string}"},"query-input":{"@type":"PropertyValueSpecification","valueRequired":true,"valueName":"search_term_string"}}],"inLanguage":"es"},{"@type":"Organization","@id":"https:\/\/ortodonciabarcelona.com\/blog-profesional\/#organization","name":"Blog Profesional Ortodoncia Tres Torres","url":"https:\/\/ortodonciabarcelona.com\/blog-profesional\/","logo":{"@type":"ImageObject","inLanguage":"es","@id":"https:\/\/ortodonciabarcelona.com\/blog-profesional\/#\/schema\/logo\/image\/","url":"https:\/\/ortodonciabarcelona.com\/blog-profesional\/wp-content\/uploads\/2023\/05\/logo-blog-profesional-vertical.png","contentUrl":"https:\/\/ortodonciabarcelona.com\/blog-profesional\/wp-content\/uploads\/2023\/05\/logo-blog-profesional-vertical.png","width":253,"height":323,"caption":"Blog Profesional Ortodoncia Tres Torres"},"image":{"@id":"https:\/\/ortodonciabarcelona.com\/blog-profesional\/#\/schema\/logo\/image\/"}},{"@type":"Person","@id":"https:\/\/ortodonciabarcelona.com\/blog-profesional\/#\/schema\/person\/6e8f1e4d584209c52f7c939dd0752f33","name":"Dr. Fernando de la Iglesia Beyme","image":{"@type":"ImageObject","inLanguage":"es","@id":"https:\/\/secure.gravatar.com\/avatar\/f556ae41fc83133c68363d54ff867b2e07ec9c9632768f5aa68fda5a3ea4abe8?s=96&d=mm&r=g","url":"https:\/\/secure.gravatar.com\/avatar\/f556ae41fc83133c68363d54ff867b2e07ec9c9632768f5aa68fda5a3ea4abe8?s=96&d=mm&r=g","contentUrl":"https:\/\/secure.gravatar.com\/avatar\/f556ae41fc83133c68363d54ff867b2e07ec9c9632768f5aa68fda5a3ea4abe8?s=96&d=mm&r=g","caption":"Dr. Fernando de la Iglesia Beyme"},"description":"Licenciado en Odontolog\u00eda por la Universidad de Barcelona. M\u00e1ster y Doctor en Ortodoncia por la Universidad Internacional de Catalu\u00f1a. Miembro de la Sociedad Espa\u00f1ola de Ortodoncia (SEDO).","sameAs":["https:\/\/ortodonciabarcelona.com\/blog-profesional\/dr-fernando-de-la-iglesia\/"]}]}},"_links":{"self":[{"href":"https:\/\/ortodonciabarcelona.com\/blog-profesional\/wp-json\/wp\/v2\/posts\/531","targetHints":{"allow":["GET"]}}],"collection":[{"href":"https:\/\/ortodonciabarcelona.com\/blog-profesional\/wp-json\/wp\/v2\/posts"}],"about":[{"href":"https:\/\/ortodonciabarcelona.com\/blog-profesional\/wp-json\/wp\/v2\/types\/post"}],"author":[{"embeddable":true,"href":"https:\/\/ortodonciabarcelona.com\/blog-profesional\/wp-json\/wp\/v2\/users\/2"}],"replies":[{"embeddable":true,"href":"https:\/\/ortodonciabarcelona.com\/blog-profesional\/wp-json\/wp\/v2\/comments?post=531"}],"version-history":[{"count":4,"href":"https:\/\/ortodonciabarcelona.com\/blog-profesional\/wp-json\/wp\/v2\/posts\/531\/revisions"}],"predecessor-version":[{"id":1113,"href":"https:\/\/ortodonciabarcelona.com\/blog-profesional\/wp-json\/wp\/v2\/posts\/531\/revisions\/1113"}],"wp:featuredmedia":[{"embeddable":true,"href":"https:\/\/ortodonciabarcelona.com\/blog-profesional\/wp-json\/wp\/v2\/media\/648"}],"wp:attachment":[{"href":"https:\/\/ortodonciabarcelona.com\/blog-profesional\/wp-json\/wp\/v2\/media?parent=531"}],"wp:term":[{"taxonomy":"category","embeddable":true,"href":"https:\/\/ortodonciabarcelona.com\/blog-profesional\/wp-json\/wp\/v2\/categories?post=531"},{"taxonomy":"post_tag","embeddable":true,"href":"https:\/\/ortodonciabarcelona.com\/blog-profesional\/wp-json\/wp\/v2\/tags?post=531"}],"curies":[{"name":"wp","href":"https:\/\/api.w.org\/{rel}","templated":true}]}}