{"id":520,"date":"2014-01-28T07:39:00","date_gmt":"2014-01-28T07:39:00","guid":{"rendered":"https:\/\/ortodonciabarcelona.com\/blog-profesional\/"},"modified":"2019-02-20T10:24:04","modified_gmt":"2019-02-20T10:24:04","slug":"recesion-gingival-por-que-aparece-como-se-trata","status":"publish","type":"post","link":"https:\/\/ortodonciabarcelona.com\/blog-profesional\/recesion-gingival-por-que-aparece-como-se-trata\/","title":{"rendered":"Recesi\u00f3n Gingival. \u00bfPor qu\u00e9 aparece? \u00bfC\u00f3mo se trata?\u00a0"},"content":{"rendered":"<p>Una<strong> recesi\u00f3n gingival es la migraci\u00f3n apical del margen gingiva<\/strong>l a lo largo de la superficie radicular, es decir, se produce una exposici\u00f3n de la ra\u00edz del diente por un desplazamiento del margen de la enc\u00eda en sentido apical (hacia la ra\u00edz).<\/p>\n<p>La presencia de recesiones es indeseable porque puede favorecer la aparici\u00f3n de sensibilidad dental, la abrasi\u00f3n de la superficie radicular, la aparici\u00f3n de caries radiculares, y por supuesto crear una situaci\u00f3n de est\u00e9tica pobre.<\/p>\n<p>Las recesiones gingivales pueden aparecer tanto en pacientes j\u00f3venes como en adultos, y pueden ser debidas principalmente a:<br \/>\n\u2022 \u00a0 \u00a0Falta de higiene oral y acumulo de placa bacteriana. El acumulo de pat\u00f3genos en la zona periodontal va a causar una inflamaci\u00f3n que una vez cronificada podr\u00e1 provocar la perdida de enc\u00eda progresiva.<br \/>\n\u2022 Factores mec\u00e1nicos (cepillado agresivo o inadecuado, frenillos con demasiada tensi\u00f3n, iatrogenia).<br \/>\n\u2022 Enfermedades periodontales destructivas.<br \/>\nExisten diversas t\u00e9cnicas para tratar las recesiones gingivales, todas ellas tienen como objetivo el cubrimiento de la superficie radicular expuesta mediante alg\u00fan tipo de tejido, ya sea aut\u00f3geno o de material sint\u00e9tico.<br \/>\nEncontramos entre las t\u00e9cnicas m\u00e1s comunes el injerto gingival libre, el injerto de tejido conectivo, el colgajo desplazado lateral o coronalmente, y los aloinjertos de matriz d\u00e9rmica\u00a0celular.<br \/>\n<a style=\"margin-left: 1em; margin-right: 1em;\" href=\"https:\/\/ortodonciabarcelona.com\/blog-profesional\/wp-content\/uploads\/2014\/01\/postrecesiones.001.jpg\"><img class=\"lazyload\" decoding=\"async\" title=\"injertos-encia-ortodoncia\" src=\"data:image\/svg+xml,%3Csvg%20xmlns%3D%27http%3A%2F%2Fwww.w3.org%2F2000%2Fsvg%27%20width%3D%27640%27%20height%3D%27148%27%20viewBox%3D%270%200%20640%20148%27%3E%3Crect%20width%3D%27640%27%20height%3D%27148%27%20fill-opacity%3D%220%22%2F%3E%3C%2Fsvg%3E\" data-orig-src=\"https:\/\/ortodonciabarcelona.com\/blog-profesional\/wp-content\/uploads\/2014\/01\/postrecesiones.001.jpg\" alt=\"injertos-encia-ortodoncia\" width=\"640\" height=\"148\" border=\"0\" \/><\/a><\/p>\n\n\n<div class=\"kk-star-ratings kksr-auto kksr-align-left kksr-valign-bottom\"\n    data-payload='{&quot;align&quot;:&quot;left&quot;,&quot;id&quot;:&quot;520&quot;,&quot;slug&quot;:&quot;default&quot;,&quot;valign&quot;:&quot;bottom&quot;,&quot;ignore&quot;:&quot;&quot;,&quot;reference&quot;:&quot;auto&quot;,&quot;class&quot;:&quot;&quot;,&quot;count&quot;:&quot;0&quot;,&quot;legendonly&quot;:&quot;&quot;,&quot;readonly&quot;:&quot;&quot;,&quot;score&quot;:&quot;0&quot;,&quot;starsonly&quot;:&quot;&quot;,&quot;best&quot;:&quot;5&quot;,&quot;gap&quot;:&quot;5&quot;,&quot;greet&quot;:&quot;Punt\u00faa este post&quot;,&quot;legend&quot;:&quot;0\\\/5 - (0 votos)&quot;,&quot;size&quot;:&quot;24&quot;,&quot;title&quot;:&quot;Recesi\u00f3n Gingival. \u00bfPor qu\u00e9 aparece? \u00bfC\u00f3mo se trata?\u00a0&quot;,&quot;width&quot;:&quot;0&quot;,&quot;_legend&quot;:&quot;{score}\\\/{best} - ({count} {votes})&quot;,&quot;font_factor&quot;:&quot;1.25&quot;}'>\n            \n<div class=\"kksr-stars\">\n    \n<div class=\"kksr-stars-inactive\">\n            <div class=\"kksr-star\" data-star=\"1\" style=\"padding-right: 5px\">\n            \n\n<div class=\"kksr-icon\" style=\"width: 24px; height: 24px;\"><\/div>\n        <\/div>\n            <div class=\"kksr-star\" data-star=\"2\" style=\"padding-right: 5px\">\n            \n\n<div class=\"kksr-icon\" style=\"width: 24px; height: 24px;\"><\/div>\n        <\/div>\n            <div class=\"kksr-star\" data-star=\"3\" style=\"padding-right: 5px\">\n            \n\n<div class=\"kksr-icon\" style=\"width: 24px; height: 24px;\"><\/div>\n        <\/div>\n            <div class=\"kksr-star\" data-star=\"4\" style=\"padding-right: 5px\">\n            \n\n<div class=\"kksr-icon\" style=\"width: 24px; height: 24px;\"><\/div>\n        <\/div>\n            <div class=\"kksr-star\" data-star=\"5\" style=\"padding-right: 5px\">\n            \n\n<div class=\"kksr-icon\" style=\"width: 24px; height: 24px;\"><\/div>\n        <\/div>\n    <\/div>\n    \n<div class=\"kksr-stars-active\" style=\"width: 0px;\">\n            <div class=\"kksr-star\" style=\"padding-right: 5px\">\n            \n\n<div class=\"kksr-icon\" style=\"width: 24px; height: 24px;\"><\/div>\n        <\/div>\n            <div class=\"kksr-star\" style=\"padding-right: 5px\">\n            \n\n<div class=\"kksr-icon\" style=\"width: 24px; height: 24px;\"><\/div>\n        <\/div>\n            <div class=\"kksr-star\" style=\"padding-right: 5px\">\n            \n\n<div class=\"kksr-icon\" style=\"width: 24px; height: 24px;\"><\/div>\n        <\/div>\n            <div class=\"kksr-star\" style=\"padding-right: 5px\">\n            \n\n<div class=\"kksr-icon\" style=\"width: 24px; height: 24px;\"><\/div>\n        <\/div>\n            <div class=\"kksr-star\" style=\"padding-right: 5px\">\n            \n\n<div class=\"kksr-icon\" style=\"width: 24px; height: 24px;\"><\/div>\n        <\/div>\n    <\/div>\n<\/div>\n                \n\n<div class=\"kksr-legend\" style=\"font-size: 19.2px;\">\n            <span class=\"kksr-muted\">Punt\u00faa este post<\/span>\n    <\/div>\n    <\/div>\n","protected":false},"excerpt":{"rendered":"<p>Una recesi\u00f3n gingival es la migraci\u00f3n apical del margen gingival  [&#8230;]<\/p>\n","protected":false},"author":3,"featured_media":613,"comment_status":"closed","ping_status":"open","sticky":false,"template":"","format":"standard","meta":{"footnotes":""},"categories":[3],"tags":[],"class_list":["post-520","post","type-post","status-publish","format-standard","has-post-thumbnail","hentry","category-ortodoncia"],"yoast_head":"<!-- This site is optimized with the Yoast SEO plugin v27.3 - https:\/\/yoast.com\/product\/yoast-seo-wordpress\/ -->\n<title>Por qu\u00e9 aparece y c\u00f3mo se trata la recesi\u00f3n gingival<\/title>\n<meta name=\"description\" content=\"El Doctor Oriol Quevedo publica un art\u00edculo sobre recesi\u00f3n gingival explicando por qu\u00e9 aparece y c\u00f3mo se trata\" \/>\n<meta name=\"robots\" content=\"index, follow, max-snippet:-1, max-image-preview:large, max-video-preview:-1\" \/>\n<link rel=\"canonical\" href=\"https:\/\/ortodonciabarcelona.com\/blog-profesional\/wp-json\/wp\/v2\/posts\/520\" \/>\n<meta property=\"og:locale\" content=\"es_ES\" \/>\n<meta property=\"og:type\" content=\"article\" \/>\n<meta property=\"og:title\" content=\"Por qu\u00e9 aparece y c\u00f3mo se trata la recesi\u00f3n gingival\" \/>\n<meta property=\"og:description\" content=\"El Doctor Oriol Quevedo publica un art\u00edculo sobre recesi\u00f3n gingival explicando por qu\u00e9 aparece y c\u00f3mo se trata\" \/>\n<meta property=\"og:url\" content=\"https:\/\/ortodonciabarcelona.com\/blog-profesional\/recesion-gingival-por-que-aparece-como-se-trata\/\" \/>\n<meta property=\"og:site_name\" content=\"Blog Profesional Ortodoncia Tres Torres\" \/>\n<meta property=\"article:published_time\" content=\"2014-01-28T07:39:00+00:00\" \/>\n<meta property=\"article:modified_time\" content=\"2019-02-20T10:24:04+00:00\" \/>\n<meta property=\"og:image\" content=\"https:\/\/ortodonciabarcelona.com\/blog-profesional\/wp-content\/uploads\/2014\/01\/SintiCC81tulo.002.jpg\" \/>\n\t<meta property=\"og:image:width\" content=\"1024\" \/>\n\t<meta property=\"og:image:height\" content=\"768\" \/>\n\t<meta property=\"og:image:type\" content=\"image\/jpeg\" \/>\n<meta name=\"author\" content=\"Dr. Oriol Quevedo Pou\" \/>\n<meta name=\"twitter:label1\" content=\"Escrito por\" \/>\n\t<meta name=\"twitter:data1\" content=\"Dr. Oriol Quevedo Pou\" \/>\n\t<meta name=\"twitter:label2\" content=\"Tiempo de lectura\" \/>\n\t<meta name=\"twitter:data2\" content=\"1 minuto\" \/>\n<script type=\"application\/ld+json\" class=\"yoast-schema-graph\">{\"@context\":\"https:\\\/\\\/schema.org\",\"@graph\":[{\"@type\":\"Article\",\"@id\":\"https:\\\/\\\/ortodonciabarcelona.com\\\/blog-profesional\\\/recesion-gingival-por-que-aparece-como-se-trata\\\/#article\",\"isPartOf\":{\"@id\":\"https:\\\/\\\/ortodonciabarcelona.com\\\/blog-profesional\\\/recesion-gingival-por-que-aparece-como-se-trata\\\/\"},\"author\":{\"name\":\"Dr. Oriol Quevedo Pou\",\"@id\":\"https:\\\/\\\/ortodonciabarcelona.com\\\/blog-profesional\\\/#\\\/schema\\\/person\\\/09a3f3a40000611f6ac26db6cfd4b87e\"},\"headline\":\"Recesi\u00f3n Gingival. \u00bfPor qu\u00e9 aparece? \u00bfC\u00f3mo se trata?\u00a0\",\"datePublished\":\"2014-01-28T07:39:00+00:00\",\"dateModified\":\"2019-02-20T10:24:04+00:00\",\"mainEntityOfPage\":{\"@id\":\"https:\\\/\\\/ortodonciabarcelona.com\\\/blog-profesional\\\/recesion-gingival-por-que-aparece-como-se-trata\\\/\"},\"wordCount\":235,\"publisher\":{\"@id\":\"https:\\\/\\\/ortodonciabarcelona.com\\\/blog-profesional\\\/#organization\"},\"image\":{\"@id\":\"https:\\\/\\\/ortodonciabarcelona.com\\\/blog-profesional\\\/recesion-gingival-por-que-aparece-como-se-trata\\\/#primaryimage\"},\"thumbnailUrl\":\"https:\\\/\\\/ortodonciabarcelona.com\\\/blog-profesional\\\/wp-content\\\/uploads\\\/2014\\\/01\\\/SintiCC81tulo.002.jpg\",\"articleSection\":[\"ortodoncia\"],\"inLanguage\":\"es\"},{\"@type\":\"WebPage\",\"@id\":\"https:\\\/\\\/ortodonciabarcelona.com\\\/blog-profesional\\\/recesion-gingival-por-que-aparece-como-se-trata\\\/\",\"url\":\"https:\\\/\\\/ortodonciabarcelona.com\\\/blog-profesional\\\/recesion-gingival-por-que-aparece-como-se-trata\\\/\",\"name\":\"Por qu\u00e9 aparece y c\u00f3mo se trata la recesi\u00f3n gingival\",\"isPartOf\":{\"@id\":\"https:\\\/\\\/ortodonciabarcelona.com\\\/blog-profesional\\\/#website\"},\"primaryImageOfPage\":{\"@id\":\"https:\\\/\\\/ortodonciabarcelona.com\\\/blog-profesional\\\/recesion-gingival-por-que-aparece-como-se-trata\\\/#primaryimage\"},\"image\":{\"@id\":\"https:\\\/\\\/ortodonciabarcelona.com\\\/blog-profesional\\\/recesion-gingival-por-que-aparece-como-se-trata\\\/#primaryimage\"},\"thumbnailUrl\":\"https:\\\/\\\/ortodonciabarcelona.com\\\/blog-profesional\\\/wp-content\\\/uploads\\\/2014\\\/01\\\/SintiCC81tulo.002.jpg\",\"datePublished\":\"2014-01-28T07:39:00+00:00\",\"dateModified\":\"2019-02-20T10:24:04+00:00\",\"description\":\"El Doctor Oriol Quevedo publica un art\u00edculo sobre recesi\u00f3n gingival explicando por qu\u00e9 aparece y c\u00f3mo se trata\",\"breadcrumb\":{\"@id\":\"https:\\\/\\\/ortodonciabarcelona.com\\\/blog-profesional\\\/recesion-gingival-por-que-aparece-como-se-trata\\\/#breadcrumb\"},\"inLanguage\":\"es\",\"potentialAction\":[{\"@type\":\"ReadAction\",\"target\":[\"https:\\\/\\\/ortodonciabarcelona.com\\\/blog-profesional\\\/recesion-gingival-por-que-aparece-como-se-trata\\\/\"]}]},{\"@type\":\"ImageObject\",\"inLanguage\":\"es\",\"@id\":\"https:\\\/\\\/ortodonciabarcelona.com\\\/blog-profesional\\\/recesion-gingival-por-que-aparece-como-se-trata\\\/#primaryimage\",\"url\":\"https:\\\/\\\/ortodonciabarcelona.com\\\/blog-profesional\\\/wp-content\\\/uploads\\\/2014\\\/01\\\/SintiCC81tulo.002.jpg\",\"contentUrl\":\"https:\\\/\\\/ortodonciabarcelona.com\\\/blog-profesional\\\/wp-content\\\/uploads\\\/2014\\\/01\\\/SintiCC81tulo.002.jpg\",\"width\":1024,\"height\":768,\"caption\":\"Foto 1 del art\u00edculo del Doctor Oriol Quevedo sobre Recesi\u00f3n Gingival. \u00bfPor qu\u00e9 aparece? \u00bfC\u00f3mo se trata?\"},{\"@type\":\"BreadcrumbList\",\"@id\":\"https:\\\/\\\/ortodonciabarcelona.com\\\/blog-profesional\\\/recesion-gingival-por-que-aparece-como-se-trata\\\/#breadcrumb\",\"itemListElement\":[{\"@type\":\"ListItem\",\"position\":1,\"name\":\"Portada\",\"item\":\"https:\\\/\\\/ortodonciabarcelona.com\\\/blog-profesional\\\/\"},{\"@type\":\"ListItem\",\"position\":2,\"name\":\"Recesi\u00f3n Gingival. \u00bfPor qu\u00e9 aparece? \u00bfC\u00f3mo se trata?\u00a0\"}]},{\"@type\":\"WebSite\",\"@id\":\"https:\\\/\\\/ortodonciabarcelona.com\\\/blog-profesional\\\/#website\",\"url\":\"https:\\\/\\\/ortodonciabarcelona.com\\\/blog-profesional\\\/\",\"name\":\"Blog Profesional Ortodoncia Tres Torres\",\"description\":\"Blog profesional sobre ortodoncia\",\"publisher\":{\"@id\":\"https:\\\/\\\/ortodonciabarcelona.com\\\/blog-profesional\\\/#organization\"},\"potentialAction\":[{\"@type\":\"SearchAction\",\"target\":{\"@type\":\"EntryPoint\",\"urlTemplate\":\"https:\\\/\\\/ortodonciabarcelona.com\\\/blog-profesional\\\/?s={search_term_string}\"},\"query-input\":{\"@type\":\"PropertyValueSpecification\",\"valueRequired\":true,\"valueName\":\"search_term_string\"}}],\"inLanguage\":\"es\"},{\"@type\":\"Organization\",\"@id\":\"https:\\\/\\\/ortodonciabarcelona.com\\\/blog-profesional\\\/#organization\",\"name\":\"Blog Profesional Ortodoncia Tres Torres\",\"url\":\"https:\\\/\\\/ortodonciabarcelona.com\\\/blog-profesional\\\/\",\"logo\":{\"@type\":\"ImageObject\",\"inLanguage\":\"es\",\"@id\":\"https:\\\/\\\/ortodonciabarcelona.com\\\/blog-profesional\\\/#\\\/schema\\\/logo\\\/image\\\/\",\"url\":\"https:\\\/\\\/ortodonciabarcelona.com\\\/blog-profesional\\\/wp-content\\\/uploads\\\/2023\\\/05\\\/logo-blog-profesional-vertical.png\",\"contentUrl\":\"https:\\\/\\\/ortodonciabarcelona.com\\\/blog-profesional\\\/wp-content\\\/uploads\\\/2023\\\/05\\\/logo-blog-profesional-vertical.png\",\"width\":253,\"height\":323,\"caption\":\"Blog Profesional Ortodoncia Tres Torres\"},\"image\":{\"@id\":\"https:\\\/\\\/ortodonciabarcelona.com\\\/blog-profesional\\\/#\\\/schema\\\/logo\\\/image\\\/\"}},{\"@type\":\"Person\",\"@id\":\"https:\\\/\\\/ortodonciabarcelona.com\\\/blog-profesional\\\/#\\\/schema\\\/person\\\/09a3f3a40000611f6ac26db6cfd4b87e\",\"name\":\"Dr. Oriol Quevedo Pou\",\"image\":{\"@type\":\"ImageObject\",\"inLanguage\":\"es\",\"@id\":\"https:\\\/\\\/secure.gravatar.com\\\/avatar\\\/332d0d441caa9bf43c7f49c01706b90ae2f687bf7f232833d3ce6acec1971b58?s=96&d=mm&r=g\",\"url\":\"https:\\\/\\\/secure.gravatar.com\\\/avatar\\\/332d0d441caa9bf43c7f49c01706b90ae2f687bf7f232833d3ce6acec1971b58?s=96&d=mm&r=g\",\"contentUrl\":\"https:\\\/\\\/secure.gravatar.com\\\/avatar\\\/332d0d441caa9bf43c7f49c01706b90ae2f687bf7f232833d3ce6acec1971b58?s=96&d=mm&r=g\",\"caption\":\"Dr. Oriol Quevedo Pou\"},\"description\":\"El Dr. Oriol Quevedo Pou es socio fundador de Ortodoncia Sant Cugat, licenciado en Odontolog\u00eda y M\u00e1ster en Ortodoncia y Ortopedia Dentofacial\",\"sameAs\":[\"https:\\\/\\\/ortodonciabarcelona.com\\\/blog-profesional\\\/dr-oriol-quevedo\\\/\"]}]}<\/script>\n<!-- \/ Yoast SEO plugin. -->","yoast_head_json":{"title":"Por qu\u00e9 aparece y c\u00f3mo se trata la recesi\u00f3n gingival","description":"El Doctor Oriol Quevedo publica un art\u00edculo sobre recesi\u00f3n gingival explicando por qu\u00e9 aparece y c\u00f3mo se trata","robots":{"index":"index","follow":"follow","max-snippet":"max-snippet:-1","max-image-preview":"max-image-preview:large","max-video-preview":"max-video-preview:-1"},"canonical":"https:\/\/ortodonciabarcelona.com\/blog-profesional\/wp-json\/wp\/v2\/posts\/520","og_locale":"es_ES","og_type":"article","og_title":"Por qu\u00e9 aparece y c\u00f3mo se trata la recesi\u00f3n gingival","og_description":"El Doctor Oriol Quevedo publica un art\u00edculo sobre recesi\u00f3n gingival explicando por qu\u00e9 aparece y c\u00f3mo se trata","og_url":"https:\/\/ortodonciabarcelona.com\/blog-profesional\/recesion-gingival-por-que-aparece-como-se-trata\/","og_site_name":"Blog Profesional Ortodoncia Tres Torres","article_published_time":"2014-01-28T07:39:00+00:00","article_modified_time":"2019-02-20T10:24:04+00:00","og_image":[{"width":1024,"height":768,"url":"https:\/\/ortodonciabarcelona.com\/blog-profesional\/wp-content\/uploads\/2014\/01\/SintiCC81tulo.002.jpg","type":"image\/jpeg"}],"author":"Dr. Oriol Quevedo Pou","twitter_misc":{"Escrito por":"Dr. Oriol Quevedo Pou","Tiempo de lectura":"1 minuto"},"schema":{"@context":"https:\/\/schema.org","@graph":[{"@type":"Article","@id":"https:\/\/ortodonciabarcelona.com\/blog-profesional\/recesion-gingival-por-que-aparece-como-se-trata\/#article","isPartOf":{"@id":"https:\/\/ortodonciabarcelona.com\/blog-profesional\/recesion-gingival-por-que-aparece-como-se-trata\/"},"author":{"name":"Dr. Oriol Quevedo Pou","@id":"https:\/\/ortodonciabarcelona.com\/blog-profesional\/#\/schema\/person\/09a3f3a40000611f6ac26db6cfd4b87e"},"headline":"Recesi\u00f3n Gingival. \u00bfPor qu\u00e9 aparece? \u00bfC\u00f3mo se trata?\u00a0","datePublished":"2014-01-28T07:39:00+00:00","dateModified":"2019-02-20T10:24:04+00:00","mainEntityOfPage":{"@id":"https:\/\/ortodonciabarcelona.com\/blog-profesional\/recesion-gingival-por-que-aparece-como-se-trata\/"},"wordCount":235,"publisher":{"@id":"https:\/\/ortodonciabarcelona.com\/blog-profesional\/#organization"},"image":{"@id":"https:\/\/ortodonciabarcelona.com\/blog-profesional\/recesion-gingival-por-que-aparece-como-se-trata\/#primaryimage"},"thumbnailUrl":"https:\/\/ortodonciabarcelona.com\/blog-profesional\/wp-content\/uploads\/2014\/01\/SintiCC81tulo.002.jpg","articleSection":["ortodoncia"],"inLanguage":"es"},{"@type":"WebPage","@id":"https:\/\/ortodonciabarcelona.com\/blog-profesional\/recesion-gingival-por-que-aparece-como-se-trata\/","url":"https:\/\/ortodonciabarcelona.com\/blog-profesional\/recesion-gingival-por-que-aparece-como-se-trata\/","name":"Por qu\u00e9 aparece y c\u00f3mo se trata la recesi\u00f3n gingival","isPartOf":{"@id":"https:\/\/ortodonciabarcelona.com\/blog-profesional\/#website"},"primaryImageOfPage":{"@id":"https:\/\/ortodonciabarcelona.com\/blog-profesional\/recesion-gingival-por-que-aparece-como-se-trata\/#primaryimage"},"image":{"@id":"https:\/\/ortodonciabarcelona.com\/blog-profesional\/recesion-gingival-por-que-aparece-como-se-trata\/#primaryimage"},"thumbnailUrl":"https:\/\/ortodonciabarcelona.com\/blog-profesional\/wp-content\/uploads\/2014\/01\/SintiCC81tulo.002.jpg","datePublished":"2014-01-28T07:39:00+00:00","dateModified":"2019-02-20T10:24:04+00:00","description":"El Doctor Oriol Quevedo publica un art\u00edculo sobre recesi\u00f3n gingival explicando por qu\u00e9 aparece y c\u00f3mo se trata","breadcrumb":{"@id":"https:\/\/ortodonciabarcelona.com\/blog-profesional\/recesion-gingival-por-que-aparece-como-se-trata\/#breadcrumb"},"inLanguage":"es","potentialAction":[{"@type":"ReadAction","target":["https:\/\/ortodonciabarcelona.com\/blog-profesional\/recesion-gingival-por-que-aparece-como-se-trata\/"]}]},{"@type":"ImageObject","inLanguage":"es","@id":"https:\/\/ortodonciabarcelona.com\/blog-profesional\/recesion-gingival-por-que-aparece-como-se-trata\/#primaryimage","url":"https:\/\/ortodonciabarcelona.com\/blog-profesional\/wp-content\/uploads\/2014\/01\/SintiCC81tulo.002.jpg","contentUrl":"https:\/\/ortodonciabarcelona.com\/blog-profesional\/wp-content\/uploads\/2014\/01\/SintiCC81tulo.002.jpg","width":1024,"height":768,"caption":"Foto 1 del art\u00edculo del Doctor Oriol Quevedo sobre Recesi\u00f3n Gingival. \u00bfPor qu\u00e9 aparece? \u00bfC\u00f3mo se trata?"},{"@type":"BreadcrumbList","@id":"https:\/\/ortodonciabarcelona.com\/blog-profesional\/recesion-gingival-por-que-aparece-como-se-trata\/#breadcrumb","itemListElement":[{"@type":"ListItem","position":1,"name":"Portada","item":"https:\/\/ortodonciabarcelona.com\/blog-profesional\/"},{"@type":"ListItem","position":2,"name":"Recesi\u00f3n Gingival. \u00bfPor qu\u00e9 aparece? \u00bfC\u00f3mo se trata?\u00a0"}]},{"@type":"WebSite","@id":"https:\/\/ortodonciabarcelona.com\/blog-profesional\/#website","url":"https:\/\/ortodonciabarcelona.com\/blog-profesional\/","name":"Blog Profesional Ortodoncia Tres Torres","description":"Blog profesional sobre ortodoncia","publisher":{"@id":"https:\/\/ortodonciabarcelona.com\/blog-profesional\/#organization"},"potentialAction":[{"@type":"SearchAction","target":{"@type":"EntryPoint","urlTemplate":"https:\/\/ortodonciabarcelona.com\/blog-profesional\/?s={search_term_string}"},"query-input":{"@type":"PropertyValueSpecification","valueRequired":true,"valueName":"search_term_string"}}],"inLanguage":"es"},{"@type":"Organization","@id":"https:\/\/ortodonciabarcelona.com\/blog-profesional\/#organization","name":"Blog Profesional Ortodoncia Tres Torres","url":"https:\/\/ortodonciabarcelona.com\/blog-profesional\/","logo":{"@type":"ImageObject","inLanguage":"es","@id":"https:\/\/ortodonciabarcelona.com\/blog-profesional\/#\/schema\/logo\/image\/","url":"https:\/\/ortodonciabarcelona.com\/blog-profesional\/wp-content\/uploads\/2023\/05\/logo-blog-profesional-vertical.png","contentUrl":"https:\/\/ortodonciabarcelona.com\/blog-profesional\/wp-content\/uploads\/2023\/05\/logo-blog-profesional-vertical.png","width":253,"height":323,"caption":"Blog Profesional Ortodoncia Tres Torres"},"image":{"@id":"https:\/\/ortodonciabarcelona.com\/blog-profesional\/#\/schema\/logo\/image\/"}},{"@type":"Person","@id":"https:\/\/ortodonciabarcelona.com\/blog-profesional\/#\/schema\/person\/09a3f3a40000611f6ac26db6cfd4b87e","name":"Dr. Oriol Quevedo Pou","image":{"@type":"ImageObject","inLanguage":"es","@id":"https:\/\/secure.gravatar.com\/avatar\/332d0d441caa9bf43c7f49c01706b90ae2f687bf7f232833d3ce6acec1971b58?s=96&d=mm&r=g","url":"https:\/\/secure.gravatar.com\/avatar\/332d0d441caa9bf43c7f49c01706b90ae2f687bf7f232833d3ce6acec1971b58?s=96&d=mm&r=g","contentUrl":"https:\/\/secure.gravatar.com\/avatar\/332d0d441caa9bf43c7f49c01706b90ae2f687bf7f232833d3ce6acec1971b58?s=96&d=mm&r=g","caption":"Dr. Oriol Quevedo Pou"},"description":"El Dr. Oriol Quevedo Pou es socio fundador de Ortodoncia Sant Cugat, licenciado en Odontolog\u00eda y M\u00e1ster en Ortodoncia y Ortopedia Dentofacial","sameAs":["https:\/\/ortodonciabarcelona.com\/blog-profesional\/dr-oriol-quevedo\/"]}]}},"_links":{"self":[{"href":"https:\/\/ortodonciabarcelona.com\/blog-profesional\/wp-json\/wp\/v2\/posts\/520","targetHints":{"allow":["GET"]}}],"collection":[{"href":"https:\/\/ortodonciabarcelona.com\/blog-profesional\/wp-json\/wp\/v2\/posts"}],"about":[{"href":"https:\/\/ortodonciabarcelona.com\/blog-profesional\/wp-json\/wp\/v2\/types\/post"}],"author":[{"embeddable":true,"href":"https:\/\/ortodonciabarcelona.com\/blog-profesional\/wp-json\/wp\/v2\/users\/3"}],"replies":[{"embeddable":true,"href":"https:\/\/ortodonciabarcelona.com\/blog-profesional\/wp-json\/wp\/v2\/comments?post=520"}],"version-history":[{"count":6,"href":"https:\/\/ortodonciabarcelona.com\/blog-profesional\/wp-json\/wp\/v2\/posts\/520\/revisions"}],"predecessor-version":[{"id":1131,"href":"https:\/\/ortodonciabarcelona.com\/blog-profesional\/wp-json\/wp\/v2\/posts\/520\/revisions\/1131"}],"wp:featuredmedia":[{"embeddable":true,"href":"https:\/\/ortodonciabarcelona.com\/blog-profesional\/wp-json\/wp\/v2\/media\/613"}],"wp:attachment":[{"href":"https:\/\/ortodonciabarcelona.com\/blog-profesional\/wp-json\/wp\/v2\/media?parent=520"}],"wp:term":[{"taxonomy":"category","embeddable":true,"href":"https:\/\/ortodonciabarcelona.com\/blog-profesional\/wp-json\/wp\/v2\/categories?post=520"},{"taxonomy":"post_tag","embeddable":true,"href":"https:\/\/ortodonciabarcelona.com\/blog-profesional\/wp-json\/wp\/v2\/tags?post=520"}],"curies":[{"name":"wp","href":"https:\/\/api.w.org\/{rel}","templated":true}]}}