{"id":515,"date":"2014-04-07T14:14:00","date_gmt":"2014-04-07T14:14:00","guid":{"rendered":"https:\/\/ortodonciabarcelona.com\/blog-profesional\/curso-de-microtornillos-impartido-por-el-dr-fernando-de-la-iglesia-para-el-master-de-ortodoncia-del-hospital-san-juan-de-dios-de-barcelona\/"},"modified":"2023-06-01T08:30:20","modified_gmt":"2023-06-01T08:30:20","slug":"curso-de-microtornillos-impartido-por-el-dr-fernando-de-la-iglesia-para-el-master-de-ortodoncia-del-hospital-san-juan-de-dios-de-barcelona","status":"publish","type":"post","link":"https:\/\/ortodonciabarcelona.com\/blog-profesional\/curso-de-microtornillos-impartido-por-el-dr-fernando-de-la-iglesia-para-el-master-de-ortodoncia-del-hospital-san-juan-de-dios-de-barcelona\/","title":{"rendered":"Curso de microtornillos impartido por el Dr. Fernando de la Iglesia para el Master de Ortodoncia del Hospital San Juan de Dios de Barcelona"},"content":{"rendered":"<p>El pasado viernes dia 4 de abril, el Dr.Fernando de la Iglesia imparti\u00f3 un <strong>curso sobre la utilizaci\u00f3n de los microtornillos en ortodoncia<\/strong>, hablando sobre las diferentes aplicaciones especialmente en el caso de caninos incluidos y en la utilizaci\u00f3n de los mismos como ayuda en los movimientos esquel\u00e9ticos.<\/p>\n\n\n<div class=\"kk-star-ratings kksr-auto kksr-align-left kksr-valign-bottom\"\n    data-payload='{&quot;align&quot;:&quot;left&quot;,&quot;id&quot;:&quot;515&quot;,&quot;slug&quot;:&quot;default&quot;,&quot;valign&quot;:&quot;bottom&quot;,&quot;ignore&quot;:&quot;&quot;,&quot;reference&quot;:&quot;auto&quot;,&quot;class&quot;:&quot;&quot;,&quot;count&quot;:&quot;0&quot;,&quot;legendonly&quot;:&quot;&quot;,&quot;readonly&quot;:&quot;&quot;,&quot;score&quot;:&quot;0&quot;,&quot;starsonly&quot;:&quot;&quot;,&quot;best&quot;:&quot;5&quot;,&quot;gap&quot;:&quot;5&quot;,&quot;greet&quot;:&quot;Punt\u00faa este post&quot;,&quot;legend&quot;:&quot;0\\\/5 - (0 votos)&quot;,&quot;size&quot;:&quot;24&quot;,&quot;title&quot;:&quot;Curso de microtornillos impartido por el Dr. Fernando de la Iglesia para el Master de Ortodoncia del Hospital San Juan de Dios de Barcelona&quot;,&quot;width&quot;:&quot;0&quot;,&quot;_legend&quot;:&quot;{score}\\\/{best} - ({count} {votes})&quot;,&quot;font_factor&quot;:&quot;1.25&quot;}'>\n            \n<div class=\"kksr-stars\">\n    \n<div class=\"kksr-stars-inactive\">\n            <div class=\"kksr-star\" data-star=\"1\" style=\"padding-right: 5px\">\n            \n\n<div class=\"kksr-icon\" style=\"width: 24px; height: 24px;\"><\/div>\n        <\/div>\n            <div class=\"kksr-star\" data-star=\"2\" style=\"padding-right: 5px\">\n            \n\n<div class=\"kksr-icon\" style=\"width: 24px; height: 24px;\"><\/div>\n        <\/div>\n            <div class=\"kksr-star\" data-star=\"3\" style=\"padding-right: 5px\">\n            \n\n<div class=\"kksr-icon\" style=\"width: 24px; height: 24px;\"><\/div>\n        <\/div>\n            <div class=\"kksr-star\" data-star=\"4\" style=\"padding-right: 5px\">\n            \n\n<div class=\"kksr-icon\" style=\"width: 24px; height: 24px;\"><\/div>\n        <\/div>\n            <div class=\"kksr-star\" data-star=\"5\" style=\"padding-right: 5px\">\n            \n\n<div class=\"kksr-icon\" style=\"width: 24px; height: 24px;\"><\/div>\n        <\/div>\n    <\/div>\n    \n<div class=\"kksr-stars-active\" style=\"width: 0px;\">\n            <div class=\"kksr-star\" style=\"padding-right: 5px\">\n            \n\n<div class=\"kksr-icon\" style=\"width: 24px; height: 24px;\"><\/div>\n        <\/div>\n            <div class=\"kksr-star\" style=\"padding-right: 5px\">\n            \n\n<div class=\"kksr-icon\" style=\"width: 24px; height: 24px;\"><\/div>\n        <\/div>\n            <div class=\"kksr-star\" style=\"padding-right: 5px\">\n            \n\n<div class=\"kksr-icon\" style=\"width: 24px; height: 24px;\"><\/div>\n        <\/div>\n            <div class=\"kksr-star\" style=\"padding-right: 5px\">\n            \n\n<div class=\"kksr-icon\" style=\"width: 24px; height: 24px;\"><\/div>\n        <\/div>\n            <div class=\"kksr-star\" style=\"padding-right: 5px\">\n            \n\n<div class=\"kksr-icon\" style=\"width: 24px; height: 24px;\"><\/div>\n        <\/div>\n    <\/div>\n<\/div>\n                \n\n<div class=\"kksr-legend\" style=\"font-size: 19.2px;\">\n            <span class=\"kksr-muted\">Punt\u00faa este post<\/span>\n    <\/div>\n    <\/div>\n","protected":false},"excerpt":{"rendered":"<p>El pasado viernes dia 4 de abril, el Dr.Fernando de  [&#8230;]<\/p>\n","protected":false},"author":2,"featured_media":600,"comment_status":"closed","ping_status":"closed","sticky":false,"template":"","format":"standard","meta":{"footnotes":""},"categories":[11],"tags":[],"class_list":["post-515","post","type-post","status-publish","format-standard","has-post-thumbnail","hentry","category-noticias"],"yoast_head":"<!-- This site is optimized with the Yoast SEO plugin v27.3 - https:\/\/yoast.com\/product\/yoast-seo-wordpress\/ -->\n<title>Curso de microtornillos del Dr. Fernando de la Iglesia<\/title>\n<meta name=\"description\" content=\"El Doctor Fernando de la Iglesia imparti\u00f3 el curso de microtornillos para el Master de Ortodoncia de San Juan de Dios\" \/>\n<meta name=\"robots\" content=\"noindex, nofollow\" \/>\n<meta property=\"og:locale\" content=\"es_ES\" \/>\n<meta property=\"og:type\" content=\"article\" \/>\n<meta property=\"og:title\" content=\"Curso de microtornillos del Dr. Fernando de la Iglesia\" \/>\n<meta property=\"og:description\" content=\"El Doctor Fernando de la Iglesia imparti\u00f3 el curso de microtornillos para el Master de Ortodoncia de San Juan de Dios\" \/>\n<meta property=\"og:url\" content=\"https:\/\/ortodonciabarcelona.com\/blog-profesional\/curso-de-microtornillos-impartido-por-el-dr-fernando-de-la-iglesia-para-el-master-de-ortodoncia-del-hospital-san-juan-de-dios-de-barcelona\/\" \/>\n<meta property=\"og:site_name\" content=\"Blog Profesional Ortodoncia Tres Torres\" \/>\n<meta property=\"article:published_time\" content=\"2014-04-07T14:14:00+00:00\" \/>\n<meta property=\"article:modified_time\" content=\"2023-06-01T08:30:20+00:00\" \/>\n<meta property=\"og:image\" content=\"https:\/\/ortodonciabarcelona.com\/blog-profesional\/wp-content\/uploads\/2014\/04\/SintC3ADtulo.png\" \/>\n\t<meta property=\"og:image:width\" content=\"1134\" \/>\n\t<meta property=\"og:image:height\" content=\"803\" \/>\n\t<meta property=\"og:image:type\" content=\"image\/png\" \/>\n<meta name=\"author\" content=\"Dr. Fernando de la Iglesia Beyme\" \/>\n<meta name=\"twitter:label1\" content=\"Escrito por\" \/>\n\t<meta name=\"twitter:data1\" content=\"Dr. Fernando de la Iglesia Beyme\" \/>\n\t<meta name=\"twitter:label2\" content=\"Tiempo de lectura\" \/>\n\t<meta name=\"twitter:data2\" content=\"1 minuto\" \/>\n<script type=\"application\/ld+json\" class=\"yoast-schema-graph\">{\"@context\":\"https:\\\/\\\/schema.org\",\"@graph\":[{\"@type\":\"Article\",\"@id\":\"https:\\\/\\\/ortodonciabarcelona.com\\\/blog-profesional\\\/curso-de-microtornillos-impartido-por-el-dr-fernando-de-la-iglesia-para-el-master-de-ortodoncia-del-hospital-san-juan-de-dios-de-barcelona\\\/#article\",\"isPartOf\":{\"@id\":\"https:\\\/\\\/ortodonciabarcelona.com\\\/blog-profesional\\\/curso-de-microtornillos-impartido-por-el-dr-fernando-de-la-iglesia-para-el-master-de-ortodoncia-del-hospital-san-juan-de-dios-de-barcelona\\\/\"},\"author\":{\"name\":\"Dr. Fernando de la Iglesia Beyme\",\"@id\":\"https:\\\/\\\/ortodonciabarcelona.com\\\/blog-profesional\\\/#\\\/schema\\\/person\\\/6e8f1e4d584209c52f7c939dd0752f33\"},\"headline\":\"Curso de microtornillos impartido por el Dr. Fernando de la Iglesia para el Master de Ortodoncia del Hospital San Juan de Dios de Barcelona\",\"datePublished\":\"2014-04-07T14:14:00+00:00\",\"dateModified\":\"2023-06-01T08:30:20+00:00\",\"mainEntityOfPage\":{\"@id\":\"https:\\\/\\\/ortodonciabarcelona.com\\\/blog-profesional\\\/curso-de-microtornillos-impartido-por-el-dr-fernando-de-la-iglesia-para-el-master-de-ortodoncia-del-hospital-san-juan-de-dios-de-barcelona\\\/\"},\"wordCount\":75,\"publisher\":{\"@id\":\"https:\\\/\\\/ortodonciabarcelona.com\\\/blog-profesional\\\/#organization\"},\"image\":{\"@id\":\"https:\\\/\\\/ortodonciabarcelona.com\\\/blog-profesional\\\/curso-de-microtornillos-impartido-por-el-dr-fernando-de-la-iglesia-para-el-master-de-ortodoncia-del-hospital-san-juan-de-dios-de-barcelona\\\/#primaryimage\"},\"thumbnailUrl\":\"https:\\\/\\\/ortodonciabarcelona.com\\\/blog-profesional\\\/wp-content\\\/uploads\\\/2014\\\/04\\\/SintC3ADtulo.png\",\"articleSection\":[\"noticias\"],\"inLanguage\":\"es\"},{\"@type\":\"WebPage\",\"@id\":\"https:\\\/\\\/ortodonciabarcelona.com\\\/blog-profesional\\\/curso-de-microtornillos-impartido-por-el-dr-fernando-de-la-iglesia-para-el-master-de-ortodoncia-del-hospital-san-juan-de-dios-de-barcelona\\\/\",\"url\":\"https:\\\/\\\/ortodonciabarcelona.com\\\/blog-profesional\\\/curso-de-microtornillos-impartido-por-el-dr-fernando-de-la-iglesia-para-el-master-de-ortodoncia-del-hospital-san-juan-de-dios-de-barcelona\\\/\",\"name\":\"Curso de microtornillos del Dr. Fernando de la Iglesia\",\"isPartOf\":{\"@id\":\"https:\\\/\\\/ortodonciabarcelona.com\\\/blog-profesional\\\/#website\"},\"primaryImageOfPage\":{\"@id\":\"https:\\\/\\\/ortodonciabarcelona.com\\\/blog-profesional\\\/curso-de-microtornillos-impartido-por-el-dr-fernando-de-la-iglesia-para-el-master-de-ortodoncia-del-hospital-san-juan-de-dios-de-barcelona\\\/#primaryimage\"},\"image\":{\"@id\":\"https:\\\/\\\/ortodonciabarcelona.com\\\/blog-profesional\\\/curso-de-microtornillos-impartido-por-el-dr-fernando-de-la-iglesia-para-el-master-de-ortodoncia-del-hospital-san-juan-de-dios-de-barcelona\\\/#primaryimage\"},\"thumbnailUrl\":\"https:\\\/\\\/ortodonciabarcelona.com\\\/blog-profesional\\\/wp-content\\\/uploads\\\/2014\\\/04\\\/SintC3ADtulo.png\",\"datePublished\":\"2014-04-07T14:14:00+00:00\",\"dateModified\":\"2023-06-01T08:30:20+00:00\",\"description\":\"El Doctor Fernando de la Iglesia imparti\u00f3 el curso de microtornillos para el Master de Ortodoncia de San Juan de Dios\",\"breadcrumb\":{\"@id\":\"https:\\\/\\\/ortodonciabarcelona.com\\\/blog-profesional\\\/curso-de-microtornillos-impartido-por-el-dr-fernando-de-la-iglesia-para-el-master-de-ortodoncia-del-hospital-san-juan-de-dios-de-barcelona\\\/#breadcrumb\"},\"inLanguage\":\"es\",\"potentialAction\":[{\"@type\":\"ReadAction\",\"target\":[\"https:\\\/\\\/ortodonciabarcelona.com\\\/blog-profesional\\\/curso-de-microtornillos-impartido-por-el-dr-fernando-de-la-iglesia-para-el-master-de-ortodoncia-del-hospital-san-juan-de-dios-de-barcelona\\\/\"]}]},{\"@type\":\"ImageObject\",\"inLanguage\":\"es\",\"@id\":\"https:\\\/\\\/ortodonciabarcelona.com\\\/blog-profesional\\\/curso-de-microtornillos-impartido-por-el-dr-fernando-de-la-iglesia-para-el-master-de-ortodoncia-del-hospital-san-juan-de-dios-de-barcelona\\\/#primaryimage\",\"url\":\"https:\\\/\\\/ortodonciabarcelona.com\\\/blog-profesional\\\/wp-content\\\/uploads\\\/2014\\\/04\\\/SintC3ADtulo.png\",\"contentUrl\":\"https:\\\/\\\/ortodonciabarcelona.com\\\/blog-profesional\\\/wp-content\\\/uploads\\\/2014\\\/04\\\/SintC3ADtulo.png\",\"width\":1134,\"height\":803,\"caption\":\"Foto 1 del art\u00edculo del Doctor Fernando de la Iglesia sobre Curso de Microtornillos impartido por el Dr Fernando de la Iglesia para el Master de Ortodoncia del Hospital San Juan de Dios de Barcelona\"},{\"@type\":\"BreadcrumbList\",\"@id\":\"https:\\\/\\\/ortodonciabarcelona.com\\\/blog-profesional\\\/curso-de-microtornillos-impartido-por-el-dr-fernando-de-la-iglesia-para-el-master-de-ortodoncia-del-hospital-san-juan-de-dios-de-barcelona\\\/#breadcrumb\",\"itemListElement\":[{\"@type\":\"ListItem\",\"position\":1,\"name\":\"Portada\",\"item\":\"https:\\\/\\\/ortodonciabarcelona.com\\\/blog-profesional\\\/\"},{\"@type\":\"ListItem\",\"position\":2,\"name\":\"Curso de microtornillos impartido por el Dr. Fernando de la Iglesia para el Master de Ortodoncia del Hospital San Juan de Dios de Barcelona\"}]},{\"@type\":\"WebSite\",\"@id\":\"https:\\\/\\\/ortodonciabarcelona.com\\\/blog-profesional\\\/#website\",\"url\":\"https:\\\/\\\/ortodonciabarcelona.com\\\/blog-profesional\\\/\",\"name\":\"Blog Profesional Ortodoncia Tres Torres\",\"description\":\"Blog profesional sobre ortodoncia\",\"publisher\":{\"@id\":\"https:\\\/\\\/ortodonciabarcelona.com\\\/blog-profesional\\\/#organization\"},\"potentialAction\":[{\"@type\":\"SearchAction\",\"target\":{\"@type\":\"EntryPoint\",\"urlTemplate\":\"https:\\\/\\\/ortodonciabarcelona.com\\\/blog-profesional\\\/?s={search_term_string}\"},\"query-input\":{\"@type\":\"PropertyValueSpecification\",\"valueRequired\":true,\"valueName\":\"search_term_string\"}}],\"inLanguage\":\"es\"},{\"@type\":\"Organization\",\"@id\":\"https:\\\/\\\/ortodonciabarcelona.com\\\/blog-profesional\\\/#organization\",\"name\":\"Blog Profesional Ortodoncia Tres Torres\",\"url\":\"https:\\\/\\\/ortodonciabarcelona.com\\\/blog-profesional\\\/\",\"logo\":{\"@type\":\"ImageObject\",\"inLanguage\":\"es\",\"@id\":\"https:\\\/\\\/ortodonciabarcelona.com\\\/blog-profesional\\\/#\\\/schema\\\/logo\\\/image\\\/\",\"url\":\"https:\\\/\\\/ortodonciabarcelona.com\\\/blog-profesional\\\/wp-content\\\/uploads\\\/2023\\\/05\\\/logo-blog-profesional-vertical.png\",\"contentUrl\":\"https:\\\/\\\/ortodonciabarcelona.com\\\/blog-profesional\\\/wp-content\\\/uploads\\\/2023\\\/05\\\/logo-blog-profesional-vertical.png\",\"width\":253,\"height\":323,\"caption\":\"Blog Profesional Ortodoncia Tres Torres\"},\"image\":{\"@id\":\"https:\\\/\\\/ortodonciabarcelona.com\\\/blog-profesional\\\/#\\\/schema\\\/logo\\\/image\\\/\"}},{\"@type\":\"Person\",\"@id\":\"https:\\\/\\\/ortodonciabarcelona.com\\\/blog-profesional\\\/#\\\/schema\\\/person\\\/6e8f1e4d584209c52f7c939dd0752f33\",\"name\":\"Dr. Fernando de la Iglesia Beyme\",\"image\":{\"@type\":\"ImageObject\",\"inLanguage\":\"es\",\"@id\":\"https:\\\/\\\/secure.gravatar.com\\\/avatar\\\/f556ae41fc83133c68363d54ff867b2e07ec9c9632768f5aa68fda5a3ea4abe8?s=96&d=mm&r=g\",\"url\":\"https:\\\/\\\/secure.gravatar.com\\\/avatar\\\/f556ae41fc83133c68363d54ff867b2e07ec9c9632768f5aa68fda5a3ea4abe8?s=96&d=mm&r=g\",\"contentUrl\":\"https:\\\/\\\/secure.gravatar.com\\\/avatar\\\/f556ae41fc83133c68363d54ff867b2e07ec9c9632768f5aa68fda5a3ea4abe8?s=96&d=mm&r=g\",\"caption\":\"Dr. Fernando de la Iglesia Beyme\"},\"description\":\"Licenciado en Odontolog\u00eda por la Universidad de Barcelona. M\u00e1ster y Doctor en Ortodoncia por la Universidad Internacional de Catalu\u00f1a. Miembro de la Sociedad Espa\u00f1ola de Ortodoncia (SEDO).\",\"sameAs\":[\"https:\\\/\\\/ortodonciabarcelona.com\\\/blog-profesional\\\/dr-fernando-de-la-iglesia\\\/\"]}]}<\/script>\n<!-- \/ Yoast SEO plugin. -->","yoast_head_json":{"title":"Curso de microtornillos del Dr. Fernando de la Iglesia","description":"El Doctor Fernando de la Iglesia imparti\u00f3 el curso de microtornillos para el Master de Ortodoncia de San Juan de Dios","robots":{"index":"noindex","follow":"nofollow"},"og_locale":"es_ES","og_type":"article","og_title":"Curso de microtornillos del Dr. Fernando de la Iglesia","og_description":"El Doctor Fernando de la Iglesia imparti\u00f3 el curso de microtornillos para el Master de Ortodoncia de San Juan de Dios","og_url":"https:\/\/ortodonciabarcelona.com\/blog-profesional\/curso-de-microtornillos-impartido-por-el-dr-fernando-de-la-iglesia-para-el-master-de-ortodoncia-del-hospital-san-juan-de-dios-de-barcelona\/","og_site_name":"Blog Profesional Ortodoncia Tres Torres","article_published_time":"2014-04-07T14:14:00+00:00","article_modified_time":"2023-06-01T08:30:20+00:00","og_image":[{"width":1134,"height":803,"url":"https:\/\/ortodonciabarcelona.com\/blog-profesional\/wp-content\/uploads\/2014\/04\/SintC3ADtulo.png","type":"image\/png"}],"author":"Dr. Fernando de la Iglesia Beyme","twitter_misc":{"Escrito por":"Dr. Fernando de la Iglesia Beyme","Tiempo de lectura":"1 minuto"},"schema":{"@context":"https:\/\/schema.org","@graph":[{"@type":"Article","@id":"https:\/\/ortodonciabarcelona.com\/blog-profesional\/curso-de-microtornillos-impartido-por-el-dr-fernando-de-la-iglesia-para-el-master-de-ortodoncia-del-hospital-san-juan-de-dios-de-barcelona\/#article","isPartOf":{"@id":"https:\/\/ortodonciabarcelona.com\/blog-profesional\/curso-de-microtornillos-impartido-por-el-dr-fernando-de-la-iglesia-para-el-master-de-ortodoncia-del-hospital-san-juan-de-dios-de-barcelona\/"},"author":{"name":"Dr. Fernando de la Iglesia Beyme","@id":"https:\/\/ortodonciabarcelona.com\/blog-profesional\/#\/schema\/person\/6e8f1e4d584209c52f7c939dd0752f33"},"headline":"Curso de microtornillos impartido por el Dr. Fernando de la Iglesia para el Master de Ortodoncia del Hospital San Juan de Dios de Barcelona","datePublished":"2014-04-07T14:14:00+00:00","dateModified":"2023-06-01T08:30:20+00:00","mainEntityOfPage":{"@id":"https:\/\/ortodonciabarcelona.com\/blog-profesional\/curso-de-microtornillos-impartido-por-el-dr-fernando-de-la-iglesia-para-el-master-de-ortodoncia-del-hospital-san-juan-de-dios-de-barcelona\/"},"wordCount":75,"publisher":{"@id":"https:\/\/ortodonciabarcelona.com\/blog-profesional\/#organization"},"image":{"@id":"https:\/\/ortodonciabarcelona.com\/blog-profesional\/curso-de-microtornillos-impartido-por-el-dr-fernando-de-la-iglesia-para-el-master-de-ortodoncia-del-hospital-san-juan-de-dios-de-barcelona\/#primaryimage"},"thumbnailUrl":"https:\/\/ortodonciabarcelona.com\/blog-profesional\/wp-content\/uploads\/2014\/04\/SintC3ADtulo.png","articleSection":["noticias"],"inLanguage":"es"},{"@type":"WebPage","@id":"https:\/\/ortodonciabarcelona.com\/blog-profesional\/curso-de-microtornillos-impartido-por-el-dr-fernando-de-la-iglesia-para-el-master-de-ortodoncia-del-hospital-san-juan-de-dios-de-barcelona\/","url":"https:\/\/ortodonciabarcelona.com\/blog-profesional\/curso-de-microtornillos-impartido-por-el-dr-fernando-de-la-iglesia-para-el-master-de-ortodoncia-del-hospital-san-juan-de-dios-de-barcelona\/","name":"Curso de microtornillos del Dr. Fernando de la Iglesia","isPartOf":{"@id":"https:\/\/ortodonciabarcelona.com\/blog-profesional\/#website"},"primaryImageOfPage":{"@id":"https:\/\/ortodonciabarcelona.com\/blog-profesional\/curso-de-microtornillos-impartido-por-el-dr-fernando-de-la-iglesia-para-el-master-de-ortodoncia-del-hospital-san-juan-de-dios-de-barcelona\/#primaryimage"},"image":{"@id":"https:\/\/ortodonciabarcelona.com\/blog-profesional\/curso-de-microtornillos-impartido-por-el-dr-fernando-de-la-iglesia-para-el-master-de-ortodoncia-del-hospital-san-juan-de-dios-de-barcelona\/#primaryimage"},"thumbnailUrl":"https:\/\/ortodonciabarcelona.com\/blog-profesional\/wp-content\/uploads\/2014\/04\/SintC3ADtulo.png","datePublished":"2014-04-07T14:14:00+00:00","dateModified":"2023-06-01T08:30:20+00:00","description":"El Doctor Fernando de la Iglesia imparti\u00f3 el curso de microtornillos para el Master de Ortodoncia de San Juan de Dios","breadcrumb":{"@id":"https:\/\/ortodonciabarcelona.com\/blog-profesional\/curso-de-microtornillos-impartido-por-el-dr-fernando-de-la-iglesia-para-el-master-de-ortodoncia-del-hospital-san-juan-de-dios-de-barcelona\/#breadcrumb"},"inLanguage":"es","potentialAction":[{"@type":"ReadAction","target":["https:\/\/ortodonciabarcelona.com\/blog-profesional\/curso-de-microtornillos-impartido-por-el-dr-fernando-de-la-iglesia-para-el-master-de-ortodoncia-del-hospital-san-juan-de-dios-de-barcelona\/"]}]},{"@type":"ImageObject","inLanguage":"es","@id":"https:\/\/ortodonciabarcelona.com\/blog-profesional\/curso-de-microtornillos-impartido-por-el-dr-fernando-de-la-iglesia-para-el-master-de-ortodoncia-del-hospital-san-juan-de-dios-de-barcelona\/#primaryimage","url":"https:\/\/ortodonciabarcelona.com\/blog-profesional\/wp-content\/uploads\/2014\/04\/SintC3ADtulo.png","contentUrl":"https:\/\/ortodonciabarcelona.com\/blog-profesional\/wp-content\/uploads\/2014\/04\/SintC3ADtulo.png","width":1134,"height":803,"caption":"Foto 1 del art\u00edculo del Doctor Fernando de la Iglesia sobre Curso de Microtornillos impartido por el Dr Fernando de la Iglesia para el Master de Ortodoncia del Hospital San Juan de Dios de Barcelona"},{"@type":"BreadcrumbList","@id":"https:\/\/ortodonciabarcelona.com\/blog-profesional\/curso-de-microtornillos-impartido-por-el-dr-fernando-de-la-iglesia-para-el-master-de-ortodoncia-del-hospital-san-juan-de-dios-de-barcelona\/#breadcrumb","itemListElement":[{"@type":"ListItem","position":1,"name":"Portada","item":"https:\/\/ortodonciabarcelona.com\/blog-profesional\/"},{"@type":"ListItem","position":2,"name":"Curso de microtornillos impartido por el Dr. Fernando de la Iglesia para el Master de Ortodoncia del Hospital San Juan de Dios de Barcelona"}]},{"@type":"WebSite","@id":"https:\/\/ortodonciabarcelona.com\/blog-profesional\/#website","url":"https:\/\/ortodonciabarcelona.com\/blog-profesional\/","name":"Blog Profesional Ortodoncia Tres Torres","description":"Blog profesional sobre ortodoncia","publisher":{"@id":"https:\/\/ortodonciabarcelona.com\/blog-profesional\/#organization"},"potentialAction":[{"@type":"SearchAction","target":{"@type":"EntryPoint","urlTemplate":"https:\/\/ortodonciabarcelona.com\/blog-profesional\/?s={search_term_string}"},"query-input":{"@type":"PropertyValueSpecification","valueRequired":true,"valueName":"search_term_string"}}],"inLanguage":"es"},{"@type":"Organization","@id":"https:\/\/ortodonciabarcelona.com\/blog-profesional\/#organization","name":"Blog Profesional Ortodoncia Tres Torres","url":"https:\/\/ortodonciabarcelona.com\/blog-profesional\/","logo":{"@type":"ImageObject","inLanguage":"es","@id":"https:\/\/ortodonciabarcelona.com\/blog-profesional\/#\/schema\/logo\/image\/","url":"https:\/\/ortodonciabarcelona.com\/blog-profesional\/wp-content\/uploads\/2023\/05\/logo-blog-profesional-vertical.png","contentUrl":"https:\/\/ortodonciabarcelona.com\/blog-profesional\/wp-content\/uploads\/2023\/05\/logo-blog-profesional-vertical.png","width":253,"height":323,"caption":"Blog Profesional Ortodoncia Tres Torres"},"image":{"@id":"https:\/\/ortodonciabarcelona.com\/blog-profesional\/#\/schema\/logo\/image\/"}},{"@type":"Person","@id":"https:\/\/ortodonciabarcelona.com\/blog-profesional\/#\/schema\/person\/6e8f1e4d584209c52f7c939dd0752f33","name":"Dr. Fernando de la Iglesia Beyme","image":{"@type":"ImageObject","inLanguage":"es","@id":"https:\/\/secure.gravatar.com\/avatar\/f556ae41fc83133c68363d54ff867b2e07ec9c9632768f5aa68fda5a3ea4abe8?s=96&d=mm&r=g","url":"https:\/\/secure.gravatar.com\/avatar\/f556ae41fc83133c68363d54ff867b2e07ec9c9632768f5aa68fda5a3ea4abe8?s=96&d=mm&r=g","contentUrl":"https:\/\/secure.gravatar.com\/avatar\/f556ae41fc83133c68363d54ff867b2e07ec9c9632768f5aa68fda5a3ea4abe8?s=96&d=mm&r=g","caption":"Dr. Fernando de la Iglesia Beyme"},"description":"Licenciado en Odontolog\u00eda por la Universidad de Barcelona. M\u00e1ster y Doctor en Ortodoncia por la Universidad Internacional de Catalu\u00f1a. Miembro de la Sociedad Espa\u00f1ola de Ortodoncia (SEDO).","sameAs":["https:\/\/ortodonciabarcelona.com\/blog-profesional\/dr-fernando-de-la-iglesia\/"]}]}},"_links":{"self":[{"href":"https:\/\/ortodonciabarcelona.com\/blog-profesional\/wp-json\/wp\/v2\/posts\/515","targetHints":{"allow":["GET"]}}],"collection":[{"href":"https:\/\/ortodonciabarcelona.com\/blog-profesional\/wp-json\/wp\/v2\/posts"}],"about":[{"href":"https:\/\/ortodonciabarcelona.com\/blog-profesional\/wp-json\/wp\/v2\/types\/post"}],"author":[{"embeddable":true,"href":"https:\/\/ortodonciabarcelona.com\/blog-profesional\/wp-json\/wp\/v2\/users\/2"}],"replies":[{"embeddable":true,"href":"https:\/\/ortodonciabarcelona.com\/blog-profesional\/wp-json\/wp\/v2\/comments?post=515"}],"version-history":[{"count":5,"href":"https:\/\/ortodonciabarcelona.com\/blog-profesional\/wp-json\/wp\/v2\/posts\/515\/revisions"}],"predecessor-version":[{"id":1141,"href":"https:\/\/ortodonciabarcelona.com\/blog-profesional\/wp-json\/wp\/v2\/posts\/515\/revisions\/1141"}],"wp:featuredmedia":[{"embeddable":true,"href":"https:\/\/ortodonciabarcelona.com\/blog-profesional\/wp-json\/wp\/v2\/media\/600"}],"wp:attachment":[{"href":"https:\/\/ortodonciabarcelona.com\/blog-profesional\/wp-json\/wp\/v2\/media?parent=515"}],"wp:term":[{"taxonomy":"category","embeddable":true,"href":"https:\/\/ortodonciabarcelona.com\/blog-profesional\/wp-json\/wp\/v2\/categories?post=515"},{"taxonomy":"post_tag","embeddable":true,"href":"https:\/\/ortodonciabarcelona.com\/blog-profesional\/wp-json\/wp\/v2\/tags?post=515"}],"curies":[{"name":"wp","href":"https:\/\/api.w.org\/{rel}","templated":true}]}}