{"id":512,"date":"2014-05-28T18:30:00","date_gmt":"2014-05-28T18:30:00","guid":{"rendered":"https:\/\/ortodonciabarcelona.com\/blog-profesional\/ultimas-novedades-en-invisalign-2014\/"},"modified":"2023-06-01T08:30:44","modified_gmt":"2023-06-01T08:30:44","slug":"ultimas-novedades-en-invisalign-2014","status":"publish","type":"post","link":"https:\/\/ortodonciabarcelona.com\/blog-profesional\/ultimas-novedades-en-invisalign-2014\/","title":{"rendered":"\u00daltimas novedades en Invisalign 2014"},"content":{"rendered":"<p>En 2014 ha aparecido <strong>Invisalign G5<\/strong>, la actualizaci\u00f3n anual a la que Invisalign\u00a0nos viene acostumbrando a\u00f1o tras a\u00f1o .\u00a0Las innovaciones m\u00e1s destacables son la elaboraci\u00f3n de un protocolo y plan de actuaci\u00f3n para <strong>tratar las maloclusiones que presentan una sobremordida aumentada<\/strong> (<b>mordida profunda<\/b>), que como bien sabemos los cl\u00ednicos, es uno de los problemas m\u00e1s comunes entre nuestros pacientes.<br \/>\nSi ya \u00e9ramos capaces de tratar problemas de mordidas profundas con <b>Invisalign<\/b>, ahora ganamos en predictibilidad y aplicabilidad, con lo que los resultados finales ser\u00e1n mejores y con menor tiempo, y seremos capaces de tratar problemas m\u00e1s severos que antes.<\/p>\n<p><a style=\"margin-left: 1em; margin-right: 1em;\" href=\"https:\/\/ortodonciabarcelona.com\/blog-profesional\/wp-content\/uploads\/2014\/05\/Imagen2.jpg\"><img class=\"lazyload\" decoding=\"async\" src=\"data:image\/svg+xml,%3Csvg%20xmlns%3D%27http%3A%2F%2Fwww.w3.org%2F2000%2Fsvg%27%20width%3D%27400%27%20height%3D%27223%27%20viewBox%3D%270%200%20400%20223%27%3E%3Crect%20width%3D%27400%27%20height%3D%27223%27%20fill-opacity%3D%220%22%2F%3E%3C%2Fsvg%3E\" data-orig-src=\"https:\/\/ortodonciabarcelona.com\/blog-profesional\/wp-content\/uploads\/2014\/05\/Imagen2.jpg\" width=\"400\" height=\"223\" border=\"0\" \/><\/a><\/p>\n<p>Mediante la incorporaci\u00f3n de rampas o levantes de mordida en los propios alineadores (<b>Precision Bite Ramps<\/b>) en el sector anterosuperior, conseguimos una disoclusi\u00f3n durante todo el tratamiento que favorecer\u00e1 la correcci\u00f3n de la sobremordida aumentada, as\u00ed como el correcto avance del resto de movimientos.Adem\u00e1s tambi\u00e9n se incorporan los <strong>attachments optimizados\u00a0para la extrusi\u00f3n de los premolares<\/strong>, que nos ayudaran a nivelar la curva de Spee y por lo tanto corregir la mordida profunda.<\/p>\n<p>Otra de las novedades a destacar son las <b>superficies de presi\u00f3n<\/b>\u00a0para conseguir intrusi\u00f3n absoluta en el sector anterior.<br \/>\nEl siguiente caso fue tratado con Invisalign\u00ae\u00a0durante 12 meses. Los objetivos del tratamiento fueron alinear los dientes superiores e inferiores y corregir la sobremordida (los dientes superiores cubren excesivamente a los inferiores al inicio de tratamiento).<br \/>\n<a style=\"margin-left: auto; margin-right: auto;\" href=\"https:\/\/ortodonciabarcelona.com\/blog-profesional\/wp-content\/uploads\/2014\/05\/111.jpg\"><img class=\"lazyload\" decoding=\"async\" src=\"data:image\/svg+xml,%3Csvg%20xmlns%3D%27http%3A%2F%2Fwww.w3.org%2F2000%2Fsvg%27%20width%3D%27640%27%20height%3D%27240%27%20viewBox%3D%270%200%20640%20240%27%3E%3Crect%20width%3D%27640%27%20height%3D%27240%27%20fill-opacity%3D%220%22%2F%3E%3C%2Fsvg%3E\" data-orig-src=\"https:\/\/ortodonciabarcelona.com\/blog-profesional\/wp-content\/uploads\/2014\/05\/111.jpg\" width=\"640\" height=\"240\" border=\"0\" \/><\/a>Antes del tratamiento de ortodoncia con Invisalign\u00ae<\/p>\n<p><a style=\"margin-left: auto; margin-right: auto;\" href=\"https:\/\/ortodonciabarcelona.com\/blog-profesional\/wp-content\/uploads\/2014\/05\/222222.jpg\"><img class=\"lazyload\" decoding=\"async\" src=\"data:image\/svg+xml,%3Csvg%20xmlns%3D%27http%3A%2F%2Fwww.w3.org%2F2000%2Fsvg%27%20width%3D%27640%27%20height%3D%27250%27%20viewBox%3D%270%200%20640%20250%27%3E%3Crect%20width%3D%27640%27%20height%3D%27250%27%20fill-opacity%3D%220%22%2F%3E%3C%2Fsvg%3E\" data-orig-src=\"https:\/\/ortodonciabarcelona.com\/blog-profesional\/wp-content\/uploads\/2014\/05\/222222.jpg\" width=\"640\" height=\"250\" border=\"0\" \/><\/a>Tras 12 meses de tratamiento con Invisalign\u00ae<\/p>\n\n\n<div class=\"kk-star-ratings kksr-auto kksr-align-left kksr-valign-bottom\"\n    data-payload='{&quot;align&quot;:&quot;left&quot;,&quot;id&quot;:&quot;512&quot;,&quot;slug&quot;:&quot;default&quot;,&quot;valign&quot;:&quot;bottom&quot;,&quot;ignore&quot;:&quot;&quot;,&quot;reference&quot;:&quot;auto&quot;,&quot;class&quot;:&quot;&quot;,&quot;count&quot;:&quot;0&quot;,&quot;legendonly&quot;:&quot;&quot;,&quot;readonly&quot;:&quot;&quot;,&quot;score&quot;:&quot;0&quot;,&quot;starsonly&quot;:&quot;&quot;,&quot;best&quot;:&quot;5&quot;,&quot;gap&quot;:&quot;5&quot;,&quot;greet&quot;:&quot;Punt\u00faa este post&quot;,&quot;legend&quot;:&quot;0\\\/5 - (0 votos)&quot;,&quot;size&quot;:&quot;24&quot;,&quot;title&quot;:&quot;\u00daltimas novedades en Invisalign 2014&quot;,&quot;width&quot;:&quot;0&quot;,&quot;_legend&quot;:&quot;{score}\\\/{best} - ({count} {votes})&quot;,&quot;font_factor&quot;:&quot;1.25&quot;}'>\n            \n<div class=\"kksr-stars\">\n    \n<div class=\"kksr-stars-inactive\">\n            <div class=\"kksr-star\" data-star=\"1\" style=\"padding-right: 5px\">\n            \n\n<div class=\"kksr-icon\" style=\"width: 24px; height: 24px;\"><\/div>\n        <\/div>\n            <div class=\"kksr-star\" data-star=\"2\" style=\"padding-right: 5px\">\n            \n\n<div class=\"kksr-icon\" style=\"width: 24px; height: 24px;\"><\/div>\n        <\/div>\n            <div class=\"kksr-star\" data-star=\"3\" style=\"padding-right: 5px\">\n            \n\n<div class=\"kksr-icon\" style=\"width: 24px; height: 24px;\"><\/div>\n        <\/div>\n            <div class=\"kksr-star\" data-star=\"4\" style=\"padding-right: 5px\">\n            \n\n<div class=\"kksr-icon\" style=\"width: 24px; height: 24px;\"><\/div>\n        <\/div>\n            <div class=\"kksr-star\" data-star=\"5\" style=\"padding-right: 5px\">\n            \n\n<div class=\"kksr-icon\" style=\"width: 24px; height: 24px;\"><\/div>\n        <\/div>\n    <\/div>\n    \n<div class=\"kksr-stars-active\" style=\"width: 0px;\">\n            <div class=\"kksr-star\" style=\"padding-right: 5px\">\n            \n\n<div class=\"kksr-icon\" style=\"width: 24px; height: 24px;\"><\/div>\n        <\/div>\n            <div class=\"kksr-star\" style=\"padding-right: 5px\">\n            \n\n<div class=\"kksr-icon\" style=\"width: 24px; height: 24px;\"><\/div>\n        <\/div>\n            <div class=\"kksr-star\" style=\"padding-right: 5px\">\n            \n\n<div class=\"kksr-icon\" style=\"width: 24px; height: 24px;\"><\/div>\n        <\/div>\n            <div class=\"kksr-star\" style=\"padding-right: 5px\">\n            \n\n<div class=\"kksr-icon\" style=\"width: 24px; height: 24px;\"><\/div>\n        <\/div>\n            <div class=\"kksr-star\" style=\"padding-right: 5px\">\n            \n\n<div class=\"kksr-icon\" style=\"width: 24px; height: 24px;\"><\/div>\n        <\/div>\n    <\/div>\n<\/div>\n                \n\n<div class=\"kksr-legend\" style=\"font-size: 19.2px;\">\n            <span class=\"kksr-muted\">Punt\u00faa este post<\/span>\n    <\/div>\n    <\/div>\n","protected":false},"excerpt":{"rendered":"<p>En 2014 ha aparecido Invisalign G5, la actualizaci\u00f3n anual a  [&#8230;]<\/p>\n","protected":false},"author":3,"featured_media":591,"comment_status":"closed","ping_status":"closed","sticky":false,"template":"","format":"standard","meta":{"footnotes":""},"categories":[3],"tags":[],"class_list":["post-512","post","type-post","status-publish","format-standard","has-post-thumbnail","hentry","category-ortodoncia"],"yoast_head":"<!-- This site is optimized with the Yoast SEO plugin v27.3 - https:\/\/yoast.com\/product\/yoast-seo-wordpress\/ -->\n<title>Ultimas novedades en Invisalign 2014<\/title>\n<meta name=\"description\" content=\"El Doctor Oriol Quevedo comenta las \u00faltimas novedades en Invisalign 2014\" \/>\n<meta name=\"robots\" content=\"noindex, nofollow\" \/>\n<meta property=\"og:locale\" content=\"es_ES\" \/>\n<meta property=\"og:type\" content=\"article\" \/>\n<meta property=\"og:title\" content=\"Ultimas novedades en Invisalign 2014\" \/>\n<meta property=\"og:description\" content=\"El Doctor Oriol Quevedo comenta las \u00faltimas novedades en Invisalign 2014\" \/>\n<meta property=\"og:url\" content=\"https:\/\/ortodonciabarcelona.com\/blog-profesional\/ultimas-novedades-en-invisalign-2014\/\" \/>\n<meta property=\"og:site_name\" content=\"Blog Profesional Ortodoncia Tres Torres\" \/>\n<meta property=\"article:published_time\" content=\"2014-05-28T18:30:00+00:00\" \/>\n<meta property=\"article:modified_time\" content=\"2023-06-01T08:30:44+00:00\" \/>\n<meta property=\"og:image\" content=\"https:\/\/ortodonciabarcelona.com\/blog-profesional\/wp-content\/uploads\/2014\/05\/Imagen1.jpg\" \/>\n\t<meta property=\"og:image:width\" content=\"972\" \/>\n\t<meta property=\"og:image:height\" content=\"621\" \/>\n\t<meta property=\"og:image:type\" content=\"image\/jpeg\" \/>\n<meta name=\"author\" content=\"Dr. Oriol Quevedo Pou\" \/>\n<meta name=\"twitter:label1\" content=\"Escrito por\" \/>\n\t<meta name=\"twitter:data1\" content=\"Dr. Oriol Quevedo Pou\" \/>\n\t<meta name=\"twitter:label2\" content=\"Tiempo de lectura\" \/>\n\t<meta name=\"twitter:data2\" content=\"2 minutos\" \/>\n<script type=\"application\/ld+json\" class=\"yoast-schema-graph\">{\"@context\":\"https:\\\/\\\/schema.org\",\"@graph\":[{\"@type\":\"Article\",\"@id\":\"https:\\\/\\\/ortodonciabarcelona.com\\\/blog-profesional\\\/ultimas-novedades-en-invisalign-2014\\\/#article\",\"isPartOf\":{\"@id\":\"https:\\\/\\\/ortodonciabarcelona.com\\\/blog-profesional\\\/ultimas-novedades-en-invisalign-2014\\\/\"},\"author\":{\"name\":\"Dr. Oriol Quevedo Pou\",\"@id\":\"https:\\\/\\\/ortodonciabarcelona.com\\\/blog-profesional\\\/#\\\/schema\\\/person\\\/09a3f3a40000611f6ac26db6cfd4b87e\"},\"headline\":\"\u00daltimas novedades en Invisalign 2014\",\"datePublished\":\"2014-05-28T18:30:00+00:00\",\"dateModified\":\"2023-06-01T08:30:44+00:00\",\"mainEntityOfPage\":{\"@id\":\"https:\\\/\\\/ortodonciabarcelona.com\\\/blog-profesional\\\/ultimas-novedades-en-invisalign-2014\\\/\"},\"wordCount\":263,\"publisher\":{\"@id\":\"https:\\\/\\\/ortodonciabarcelona.com\\\/blog-profesional\\\/#organization\"},\"image\":{\"@id\":\"https:\\\/\\\/ortodonciabarcelona.com\\\/blog-profesional\\\/ultimas-novedades-en-invisalign-2014\\\/#primaryimage\"},\"thumbnailUrl\":\"https:\\\/\\\/ortodonciabarcelona.com\\\/blog-profesional\\\/wp-content\\\/uploads\\\/2014\\\/05\\\/Imagen1.jpg\",\"articleSection\":[\"ortodoncia\"],\"inLanguage\":\"es\"},{\"@type\":\"WebPage\",\"@id\":\"https:\\\/\\\/ortodonciabarcelona.com\\\/blog-profesional\\\/ultimas-novedades-en-invisalign-2014\\\/\",\"url\":\"https:\\\/\\\/ortodonciabarcelona.com\\\/blog-profesional\\\/ultimas-novedades-en-invisalign-2014\\\/\",\"name\":\"Ultimas novedades en Invisalign 2014\",\"isPartOf\":{\"@id\":\"https:\\\/\\\/ortodonciabarcelona.com\\\/blog-profesional\\\/#website\"},\"primaryImageOfPage\":{\"@id\":\"https:\\\/\\\/ortodonciabarcelona.com\\\/blog-profesional\\\/ultimas-novedades-en-invisalign-2014\\\/#primaryimage\"},\"image\":{\"@id\":\"https:\\\/\\\/ortodonciabarcelona.com\\\/blog-profesional\\\/ultimas-novedades-en-invisalign-2014\\\/#primaryimage\"},\"thumbnailUrl\":\"https:\\\/\\\/ortodonciabarcelona.com\\\/blog-profesional\\\/wp-content\\\/uploads\\\/2014\\\/05\\\/Imagen1.jpg\",\"datePublished\":\"2014-05-28T18:30:00+00:00\",\"dateModified\":\"2023-06-01T08:30:44+00:00\",\"description\":\"El Doctor Oriol Quevedo comenta las \u00faltimas novedades en Invisalign 2014\",\"breadcrumb\":{\"@id\":\"https:\\\/\\\/ortodonciabarcelona.com\\\/blog-profesional\\\/ultimas-novedades-en-invisalign-2014\\\/#breadcrumb\"},\"inLanguage\":\"es\",\"potentialAction\":[{\"@type\":\"ReadAction\",\"target\":[\"https:\\\/\\\/ortodonciabarcelona.com\\\/blog-profesional\\\/ultimas-novedades-en-invisalign-2014\\\/\"]}]},{\"@type\":\"ImageObject\",\"inLanguage\":\"es\",\"@id\":\"https:\\\/\\\/ortodonciabarcelona.com\\\/blog-profesional\\\/ultimas-novedades-en-invisalign-2014\\\/#primaryimage\",\"url\":\"https:\\\/\\\/ortodonciabarcelona.com\\\/blog-profesional\\\/wp-content\\\/uploads\\\/2014\\\/05\\\/Imagen1.jpg\",\"contentUrl\":\"https:\\\/\\\/ortodonciabarcelona.com\\\/blog-profesional\\\/wp-content\\\/uploads\\\/2014\\\/05\\\/Imagen1.jpg\",\"width\":972,\"height\":621,\"caption\":\"Foto 1 del art\u00edculo del Doctor Oriol Quevedo sobre \u00daltimas novedades en Invisalign\u00ae 2014\"},{\"@type\":\"BreadcrumbList\",\"@id\":\"https:\\\/\\\/ortodonciabarcelona.com\\\/blog-profesional\\\/ultimas-novedades-en-invisalign-2014\\\/#breadcrumb\",\"itemListElement\":[{\"@type\":\"ListItem\",\"position\":1,\"name\":\"Portada\",\"item\":\"https:\\\/\\\/ortodonciabarcelona.com\\\/blog-profesional\\\/\"},{\"@type\":\"ListItem\",\"position\":2,\"name\":\"\u00daltimas novedades en Invisalign 2014\"}]},{\"@type\":\"WebSite\",\"@id\":\"https:\\\/\\\/ortodonciabarcelona.com\\\/blog-profesional\\\/#website\",\"url\":\"https:\\\/\\\/ortodonciabarcelona.com\\\/blog-profesional\\\/\",\"name\":\"Blog Profesional Ortodoncia Tres Torres\",\"description\":\"Blog profesional sobre ortodoncia\",\"publisher\":{\"@id\":\"https:\\\/\\\/ortodonciabarcelona.com\\\/blog-profesional\\\/#organization\"},\"potentialAction\":[{\"@type\":\"SearchAction\",\"target\":{\"@type\":\"EntryPoint\",\"urlTemplate\":\"https:\\\/\\\/ortodonciabarcelona.com\\\/blog-profesional\\\/?s={search_term_string}\"},\"query-input\":{\"@type\":\"PropertyValueSpecification\",\"valueRequired\":true,\"valueName\":\"search_term_string\"}}],\"inLanguage\":\"es\"},{\"@type\":\"Organization\",\"@id\":\"https:\\\/\\\/ortodonciabarcelona.com\\\/blog-profesional\\\/#organization\",\"name\":\"Blog Profesional Ortodoncia Tres Torres\",\"url\":\"https:\\\/\\\/ortodonciabarcelona.com\\\/blog-profesional\\\/\",\"logo\":{\"@type\":\"ImageObject\",\"inLanguage\":\"es\",\"@id\":\"https:\\\/\\\/ortodonciabarcelona.com\\\/blog-profesional\\\/#\\\/schema\\\/logo\\\/image\\\/\",\"url\":\"https:\\\/\\\/ortodonciabarcelona.com\\\/blog-profesional\\\/wp-content\\\/uploads\\\/2023\\\/05\\\/logo-blog-profesional-vertical.png\",\"contentUrl\":\"https:\\\/\\\/ortodonciabarcelona.com\\\/blog-profesional\\\/wp-content\\\/uploads\\\/2023\\\/05\\\/logo-blog-profesional-vertical.png\",\"width\":253,\"height\":323,\"caption\":\"Blog Profesional Ortodoncia Tres Torres\"},\"image\":{\"@id\":\"https:\\\/\\\/ortodonciabarcelona.com\\\/blog-profesional\\\/#\\\/schema\\\/logo\\\/image\\\/\"}},{\"@type\":\"Person\",\"@id\":\"https:\\\/\\\/ortodonciabarcelona.com\\\/blog-profesional\\\/#\\\/schema\\\/person\\\/09a3f3a40000611f6ac26db6cfd4b87e\",\"name\":\"Dr. Oriol Quevedo Pou\",\"image\":{\"@type\":\"ImageObject\",\"inLanguage\":\"es\",\"@id\":\"https:\\\/\\\/secure.gravatar.com\\\/avatar\\\/332d0d441caa9bf43c7f49c01706b90ae2f687bf7f232833d3ce6acec1971b58?s=96&d=mm&r=g\",\"url\":\"https:\\\/\\\/secure.gravatar.com\\\/avatar\\\/332d0d441caa9bf43c7f49c01706b90ae2f687bf7f232833d3ce6acec1971b58?s=96&d=mm&r=g\",\"contentUrl\":\"https:\\\/\\\/secure.gravatar.com\\\/avatar\\\/332d0d441caa9bf43c7f49c01706b90ae2f687bf7f232833d3ce6acec1971b58?s=96&d=mm&r=g\",\"caption\":\"Dr. Oriol Quevedo Pou\"},\"description\":\"El Dr. Oriol Quevedo Pou es socio fundador de Ortodoncia Sant Cugat, licenciado en Odontolog\u00eda y M\u00e1ster en Ortodoncia y Ortopedia Dentofacial\",\"sameAs\":[\"https:\\\/\\\/ortodonciabarcelona.com\\\/blog-profesional\\\/dr-oriol-quevedo\\\/\"]}]}<\/script>\n<!-- \/ Yoast SEO plugin. -->","yoast_head_json":{"title":"Ultimas novedades en Invisalign 2014","description":"El Doctor Oriol Quevedo comenta las \u00faltimas novedades en Invisalign 2014","robots":{"index":"noindex","follow":"nofollow"},"og_locale":"es_ES","og_type":"article","og_title":"Ultimas novedades en Invisalign 2014","og_description":"El Doctor Oriol Quevedo comenta las \u00faltimas novedades en Invisalign 2014","og_url":"https:\/\/ortodonciabarcelona.com\/blog-profesional\/ultimas-novedades-en-invisalign-2014\/","og_site_name":"Blog Profesional Ortodoncia Tres Torres","article_published_time":"2014-05-28T18:30:00+00:00","article_modified_time":"2023-06-01T08:30:44+00:00","og_image":[{"width":972,"height":621,"url":"https:\/\/ortodonciabarcelona.com\/blog-profesional\/wp-content\/uploads\/2014\/05\/Imagen1.jpg","type":"image\/jpeg"}],"author":"Dr. Oriol Quevedo Pou","twitter_misc":{"Escrito por":"Dr. Oriol Quevedo Pou","Tiempo de lectura":"2 minutos"},"schema":{"@context":"https:\/\/schema.org","@graph":[{"@type":"Article","@id":"https:\/\/ortodonciabarcelona.com\/blog-profesional\/ultimas-novedades-en-invisalign-2014\/#article","isPartOf":{"@id":"https:\/\/ortodonciabarcelona.com\/blog-profesional\/ultimas-novedades-en-invisalign-2014\/"},"author":{"name":"Dr. Oriol Quevedo Pou","@id":"https:\/\/ortodonciabarcelona.com\/blog-profesional\/#\/schema\/person\/09a3f3a40000611f6ac26db6cfd4b87e"},"headline":"\u00daltimas novedades en Invisalign 2014","datePublished":"2014-05-28T18:30:00+00:00","dateModified":"2023-06-01T08:30:44+00:00","mainEntityOfPage":{"@id":"https:\/\/ortodonciabarcelona.com\/blog-profesional\/ultimas-novedades-en-invisalign-2014\/"},"wordCount":263,"publisher":{"@id":"https:\/\/ortodonciabarcelona.com\/blog-profesional\/#organization"},"image":{"@id":"https:\/\/ortodonciabarcelona.com\/blog-profesional\/ultimas-novedades-en-invisalign-2014\/#primaryimage"},"thumbnailUrl":"https:\/\/ortodonciabarcelona.com\/blog-profesional\/wp-content\/uploads\/2014\/05\/Imagen1.jpg","articleSection":["ortodoncia"],"inLanguage":"es"},{"@type":"WebPage","@id":"https:\/\/ortodonciabarcelona.com\/blog-profesional\/ultimas-novedades-en-invisalign-2014\/","url":"https:\/\/ortodonciabarcelona.com\/blog-profesional\/ultimas-novedades-en-invisalign-2014\/","name":"Ultimas novedades en Invisalign 2014","isPartOf":{"@id":"https:\/\/ortodonciabarcelona.com\/blog-profesional\/#website"},"primaryImageOfPage":{"@id":"https:\/\/ortodonciabarcelona.com\/blog-profesional\/ultimas-novedades-en-invisalign-2014\/#primaryimage"},"image":{"@id":"https:\/\/ortodonciabarcelona.com\/blog-profesional\/ultimas-novedades-en-invisalign-2014\/#primaryimage"},"thumbnailUrl":"https:\/\/ortodonciabarcelona.com\/blog-profesional\/wp-content\/uploads\/2014\/05\/Imagen1.jpg","datePublished":"2014-05-28T18:30:00+00:00","dateModified":"2023-06-01T08:30:44+00:00","description":"El Doctor Oriol Quevedo comenta las \u00faltimas novedades en Invisalign 2014","breadcrumb":{"@id":"https:\/\/ortodonciabarcelona.com\/blog-profesional\/ultimas-novedades-en-invisalign-2014\/#breadcrumb"},"inLanguage":"es","potentialAction":[{"@type":"ReadAction","target":["https:\/\/ortodonciabarcelona.com\/blog-profesional\/ultimas-novedades-en-invisalign-2014\/"]}]},{"@type":"ImageObject","inLanguage":"es","@id":"https:\/\/ortodonciabarcelona.com\/blog-profesional\/ultimas-novedades-en-invisalign-2014\/#primaryimage","url":"https:\/\/ortodonciabarcelona.com\/blog-profesional\/wp-content\/uploads\/2014\/05\/Imagen1.jpg","contentUrl":"https:\/\/ortodonciabarcelona.com\/blog-profesional\/wp-content\/uploads\/2014\/05\/Imagen1.jpg","width":972,"height":621,"caption":"Foto 1 del art\u00edculo del Doctor Oriol Quevedo sobre \u00daltimas novedades en Invisalign\u00ae 2014"},{"@type":"BreadcrumbList","@id":"https:\/\/ortodonciabarcelona.com\/blog-profesional\/ultimas-novedades-en-invisalign-2014\/#breadcrumb","itemListElement":[{"@type":"ListItem","position":1,"name":"Portada","item":"https:\/\/ortodonciabarcelona.com\/blog-profesional\/"},{"@type":"ListItem","position":2,"name":"\u00daltimas novedades en Invisalign 2014"}]},{"@type":"WebSite","@id":"https:\/\/ortodonciabarcelona.com\/blog-profesional\/#website","url":"https:\/\/ortodonciabarcelona.com\/blog-profesional\/","name":"Blog Profesional Ortodoncia Tres Torres","description":"Blog profesional sobre ortodoncia","publisher":{"@id":"https:\/\/ortodonciabarcelona.com\/blog-profesional\/#organization"},"potentialAction":[{"@type":"SearchAction","target":{"@type":"EntryPoint","urlTemplate":"https:\/\/ortodonciabarcelona.com\/blog-profesional\/?s={search_term_string}"},"query-input":{"@type":"PropertyValueSpecification","valueRequired":true,"valueName":"search_term_string"}}],"inLanguage":"es"},{"@type":"Organization","@id":"https:\/\/ortodonciabarcelona.com\/blog-profesional\/#organization","name":"Blog Profesional Ortodoncia Tres Torres","url":"https:\/\/ortodonciabarcelona.com\/blog-profesional\/","logo":{"@type":"ImageObject","inLanguage":"es","@id":"https:\/\/ortodonciabarcelona.com\/blog-profesional\/#\/schema\/logo\/image\/","url":"https:\/\/ortodonciabarcelona.com\/blog-profesional\/wp-content\/uploads\/2023\/05\/logo-blog-profesional-vertical.png","contentUrl":"https:\/\/ortodonciabarcelona.com\/blog-profesional\/wp-content\/uploads\/2023\/05\/logo-blog-profesional-vertical.png","width":253,"height":323,"caption":"Blog Profesional Ortodoncia Tres Torres"},"image":{"@id":"https:\/\/ortodonciabarcelona.com\/blog-profesional\/#\/schema\/logo\/image\/"}},{"@type":"Person","@id":"https:\/\/ortodonciabarcelona.com\/blog-profesional\/#\/schema\/person\/09a3f3a40000611f6ac26db6cfd4b87e","name":"Dr. Oriol Quevedo Pou","image":{"@type":"ImageObject","inLanguage":"es","@id":"https:\/\/secure.gravatar.com\/avatar\/332d0d441caa9bf43c7f49c01706b90ae2f687bf7f232833d3ce6acec1971b58?s=96&d=mm&r=g","url":"https:\/\/secure.gravatar.com\/avatar\/332d0d441caa9bf43c7f49c01706b90ae2f687bf7f232833d3ce6acec1971b58?s=96&d=mm&r=g","contentUrl":"https:\/\/secure.gravatar.com\/avatar\/332d0d441caa9bf43c7f49c01706b90ae2f687bf7f232833d3ce6acec1971b58?s=96&d=mm&r=g","caption":"Dr. Oriol Quevedo Pou"},"description":"El Dr. Oriol Quevedo Pou es socio fundador de Ortodoncia Sant Cugat, licenciado en Odontolog\u00eda y M\u00e1ster en Ortodoncia y Ortopedia Dentofacial","sameAs":["https:\/\/ortodonciabarcelona.com\/blog-profesional\/dr-oriol-quevedo\/"]}]}},"_links":{"self":[{"href":"https:\/\/ortodonciabarcelona.com\/blog-profesional\/wp-json\/wp\/v2\/posts\/512","targetHints":{"allow":["GET"]}}],"collection":[{"href":"https:\/\/ortodonciabarcelona.com\/blog-profesional\/wp-json\/wp\/v2\/posts"}],"about":[{"href":"https:\/\/ortodonciabarcelona.com\/blog-profesional\/wp-json\/wp\/v2\/types\/post"}],"author":[{"embeddable":true,"href":"https:\/\/ortodonciabarcelona.com\/blog-profesional\/wp-json\/wp\/v2\/users\/3"}],"replies":[{"embeddable":true,"href":"https:\/\/ortodonciabarcelona.com\/blog-profesional\/wp-json\/wp\/v2\/comments?post=512"}],"version-history":[{"count":7,"href":"https:\/\/ortodonciabarcelona.com\/blog-profesional\/wp-json\/wp\/v2\/posts\/512\/revisions"}],"predecessor-version":[{"id":1149,"href":"https:\/\/ortodonciabarcelona.com\/blog-profesional\/wp-json\/wp\/v2\/posts\/512\/revisions\/1149"}],"wp:featuredmedia":[{"embeddable":true,"href":"https:\/\/ortodonciabarcelona.com\/blog-profesional\/wp-json\/wp\/v2\/media\/591"}],"wp:attachment":[{"href":"https:\/\/ortodonciabarcelona.com\/blog-profesional\/wp-json\/wp\/v2\/media?parent=512"}],"wp:term":[{"taxonomy":"category","embeddable":true,"href":"https:\/\/ortodonciabarcelona.com\/blog-profesional\/wp-json\/wp\/v2\/categories?post=512"},{"taxonomy":"post_tag","embeddable":true,"href":"https:\/\/ortodonciabarcelona.com\/blog-profesional\/wp-json\/wp\/v2\/tags?post=512"}],"curies":[{"name":"wp","href":"https:\/\/api.w.org\/{rel}","templated":true}]}}