{"id":1703,"date":"2023-07-25T11:00:49","date_gmt":"2023-07-25T11:00:49","guid":{"rendered":"https:\/\/ortodonciabarcelona.com\/blog-profesional\/?p=1703"},"modified":"2023-07-25T11:56:34","modified_gmt":"2023-07-25T11:56:34","slug":"dr-fernando-de-la-iglesisa-miembro-diplomado-sedo","status":"publish","type":"post","link":"https:\/\/ortodonciabarcelona.com\/blog-profesional\/dr-fernando-de-la-iglesisa-miembro-diplomado-sedo\/","title":{"rendered":"El Dr. Fernando de la Iglesia, nuevo Miembro Diplomado de la Sociedad Espa\u00f1ola de Ortodoncia (SEDO) y del Spanish Board of Orthodontics (SBO)"},"content":{"rendered":"<p>Con motivo del 69\u00ba Congreso de la Sociedad Espa\u00f1ola de Ortodoncia (SEDO), celebrado del 7 al 10 de junio de 2023 en Bilbao, el <strong>Dr. Fernando de la Iglesia ha sido nombrado Miembro Diplomado de la SEDO<\/strong>, m\u00e1xima categor\u00eda que otorga esta sociedad a sus miembros, y ha superado con \u00e9xito el examen del<strong> Spanish Board of Orthodontics (SBO)<\/strong>, uno de los 19 Boards que existen a nivel mundial, reconocido por la World Federation of Orthodontists (WFO).<\/p>\n<p>Este galard\u00f3n que otorga la SEDO, <strong>una sociedad cient\u00edfica creada hace m\u00e1s de 50 a\u00f1os para la divulgaci\u00f3n y promoci\u00f3n de la excelencia cl\u00ednica en Ortodoncia<\/strong>, requiere del cumplimiento de una serie de requisitos y de la aprobaci\u00f3n de la candidatura por parte de la Asamblea General, previa propuesta de la Comisi\u00f3n de Miembros y de una Comisi\u00f3n Cient\u00edfica de alto prestigio y experiencia.<\/p>\n<p><img decoding=\"async\" class=\"lazyload aligncenter wp-image-1707 size-fusion-400\" title=\"El Dr. En ortodoncia Fernando de la Iglesia es nuevo Miembro Diplomado de la Sociedad Espa\u00f1ola de Ortodoncia (SEDO)\" src=\"https:\/\/ortodonciabarcelona.com\/blog-profesional\/wp-content\/uploads\/2023\/07\/Dr-fernando-de-la-iglesisa-miembro-diplomado-sedo-400x531.jpg\" data-orig-src=\"https:\/\/ortodonciabarcelona.com\/blog-profesional\/wp-content\/uploads\/2023\/07\/Dr-fernando-de-la-iglesisa-miembro-diplomado-sedo-400x531.jpg\" alt=\"El Dr. En ortodoncia Fernando de la Iglesia es nuevo Miembro Diplomado de la Sociedad Espa\u00f1ola de Ortodoncia (SEDO)\" width=\"400\" height=\"531\" srcset=\"data:image\/svg+xml,%3Csvg%20xmlns%3D%27http%3A%2F%2Fwww.w3.org%2F2000%2Fsvg%27%20width%3D%27400%27%20height%3D%27531%27%20viewBox%3D%270%200%20400%20531%27%3E%3Crect%20width%3D%27400%27%20height%3D%27531%27%20fill-opacity%3D%220%22%2F%3E%3C%2Fsvg%3E\" data-srcset=\"https:\/\/ortodonciabarcelona.com\/blog-profesional\/wp-content\/uploads\/2023\/07\/Dr-fernando-de-la-iglesisa-miembro-diplomado-sedo-200x266.jpg 200w, https:\/\/ortodonciabarcelona.com\/blog-profesional\/wp-content\/uploads\/2023\/07\/Dr-fernando-de-la-iglesisa-miembro-diplomado-sedo-226x300.jpg 226w, https:\/\/ortodonciabarcelona.com\/blog-profesional\/wp-content\/uploads\/2023\/07\/Dr-fernando-de-la-iglesisa-miembro-diplomado-sedo-400x531.jpg 400w, https:\/\/ortodonciabarcelona.com\/blog-profesional\/wp-content\/uploads\/2023\/07\/Dr-fernando-de-la-iglesisa-miembro-diplomado-sedo-600x797.jpg 600w, https:\/\/ortodonciabarcelona.com\/blog-profesional\/wp-content\/uploads\/2023\/07\/Dr-fernando-de-la-iglesisa-miembro-diplomado-sedo.jpg 700w\" data-sizes=\"auto\" data-orig-sizes=\"(max-width: 400px) 100vw, 400px\" \/><\/p>\n<p>Para ello, el Dr. Fernando de la Iglesia<strong> ha presentado 5 casos resueltos (1 de ortodoncia lingual y 4 de ortodoncia vestibular)<\/strong>, con unas caracter\u00edsticas muy concretas de maloclusiones que provocan graves problemas de funcionalidad en la mordida:<\/p>\n<ol>\n<li>Caso de biprotusi\u00f3n con 4 extracciones, tratado con ortodoncia lingual.<\/li>\n<li>Caso de Clase II esquel\u00e9tica de Angle, tratada con aparatolog\u00eda funcional y brackets.<\/li>\n<li>Caso de patr\u00f3n vertical tratado con 4 extracciones y brackets.<\/li>\n<li>Caso de Clase III tratado con 4 extracciones y brackets.<\/li>\n<li>Caso de cirug\u00eda ortogn\u00e1tica bimaxilar y brackets.<\/li>\n<\/ol>\n<p><img decoding=\"async\" class=\"lazyload alignnone wp-image-1713 size-fusion-400\" title=\"Caso cl\u00ednico ortodoncia vestibular presentado en el 69 congreso SEDO\" src=\"https:\/\/ortodonciabarcelona.com\/blog-profesional\/wp-content\/uploads\/2023\/07\/casos-clinicos-sedo-ortodoncia-vestibular-400x343.jpg\" data-orig-src=\"https:\/\/ortodonciabarcelona.com\/blog-profesional\/wp-content\/uploads\/2023\/07\/casos-clinicos-sedo-ortodoncia-vestibular-400x343.jpg\" alt=\"Caso cl\u00ednico ortodoncia vestibular presentado en el 69 congreso SEDO\" width=\"400\" height=\"343\" srcset=\"data:image\/svg+xml,%3Csvg%20xmlns%3D%27http%3A%2F%2Fwww.w3.org%2F2000%2Fsvg%27%20width%3D%27400%27%20height%3D%27343%27%20viewBox%3D%270%200%20400%20343%27%3E%3Crect%20width%3D%27400%27%20height%3D%27343%27%20fill-opacity%3D%220%22%2F%3E%3C%2Fsvg%3E\" data-srcset=\"https:\/\/ortodonciabarcelona.com\/blog-profesional\/wp-content\/uploads\/2023\/07\/casos-clinicos-sedo-ortodoncia-vestibular-200x172.jpg 200w, https:\/\/ortodonciabarcelona.com\/blog-profesional\/wp-content\/uploads\/2023\/07\/casos-clinicos-sedo-ortodoncia-vestibular-300x257.jpg 300w, https:\/\/ortodonciabarcelona.com\/blog-profesional\/wp-content\/uploads\/2023\/07\/casos-clinicos-sedo-ortodoncia-vestibular-400x343.jpg 400w, https:\/\/ortodonciabarcelona.com\/blog-profesional\/wp-content\/uploads\/2023\/07\/casos-clinicos-sedo-ortodoncia-vestibular-600x515.jpg 600w, https:\/\/ortodonciabarcelona.com\/blog-profesional\/wp-content\/uploads\/2023\/07\/casos-clinicos-sedo-ortodoncia-vestibular-768x659.jpg 768w, https:\/\/ortodonciabarcelona.com\/blog-profesional\/wp-content\/uploads\/2023\/07\/casos-clinicos-sedo-ortodoncia-vestibular-800x686.jpg 800w, https:\/\/ortodonciabarcelona.com\/blog-profesional\/wp-content\/uploads\/2023\/07\/casos-clinicos-sedo-ortodoncia-vestibular.jpg 930w\" data-sizes=\"auto\" data-orig-sizes=\"(max-width: 400px) 100vw, 400px\" \/>\u00a0 <img decoding=\"async\" class=\"lazyload alignnone wp-image-1714\" title=\"Caso cl\u00ednico ortodoncia lingual presentado en el 69 congreso SEDO\" src=\"https:\/\/ortodonciabarcelona.com\/blog-profesional\/wp-content\/uploads\/2023\/07\/caso-clinico-sedo-ortodoncia-lingual.jpg\" data-orig-src=\"https:\/\/ortodonciabarcelona.com\/blog-profesional\/wp-content\/uploads\/2023\/07\/caso-clinico-sedo-ortodoncia-lingual.jpg\" alt=\"Caso cl\u00ednico ortodoncia lingual presentado en el 69 congreso SEDO\" width=\"226\" height=\"343\" srcset=\"data:image\/svg+xml,%3Csvg%20xmlns%3D%27http%3A%2F%2Fwww.w3.org%2F2000%2Fsvg%27%20width%3D%27226%27%20height%3D%27343%27%20viewBox%3D%270%200%20226%20343%27%3E%3Crect%20width%3D%27226%27%20height%3D%27343%27%20fill-opacity%3D%220%22%2F%3E%3C%2Fsvg%3E\" data-srcset=\"https:\/\/ortodonciabarcelona.com\/blog-profesional\/wp-content\/uploads\/2023\/07\/caso-clinico-sedo-ortodoncia-lingual-198x300.jpg 198w, https:\/\/ortodonciabarcelona.com\/blog-profesional\/wp-content\/uploads\/2023\/07\/caso-clinico-sedo-ortodoncia-lingual-200x304.jpg 200w, https:\/\/ortodonciabarcelona.com\/blog-profesional\/wp-content\/uploads\/2023\/07\/caso-clinico-sedo-ortodoncia-lingual-400x607.jpg 400w, https:\/\/ortodonciabarcelona.com\/blog-profesional\/wp-content\/uploads\/2023\/07\/caso-clinico-sedo-ortodoncia-lingual.jpg 527w\" data-sizes=\"auto\" data-orig-sizes=\"(max-width: 226px) 100vw, 226px\" \/><\/p>\n<p>Para completar la propuesta, se requer\u00eda haber aportado en la Reuni\u00f3n Anual de la Sociedad dos <strong>comunicaciones cient\u00edficas originales<\/strong> de una sola firma o como primer firmante, no presentadas ni publicadas en otra entidad profesional, y la asistencia como Miembro Afiliado y Activo de la SEDO a dos o m\u00e1s reuniones de la sociedad.<\/p>\n<p>Cumplidos todos los requisitos y aprobado el examen, la Asamblea otorgaba finalmente el ansiado galard\u00f3n. Ambos reconocimientos, Miembro Diplomado de la SEDO y del Spanish Board of Orthodontics, marcan <strong>un nuevo hito en una carrera de esfuerzo y dedicaci\u00f3n a la Ortodoncia<\/strong>, un campo al que el Dr. De la Iglesia se dedica en exclusiva desde hace m\u00e1s de 20 a\u00f1os en Barcelona, en particular a las <strong>especialidades de Ortodoncia Invisible, Ortodoncia Lingual y Ortodoncia Infantil<\/strong>.<\/p>\n<p>Son muchos a\u00f1os de intensa formaci\u00f3n en una disciplina tan especializada. As\u00ed, el Dr. Fernando de la Iglesia es Licenciado en Odontolog\u00eda por la Universidad de Barcelona, <strong>doctor en Odontolog\u00eda (con calificaci\u00f3n de \u00abexcelente cum laude\u00bb)<\/strong> y m\u00e1ster en Ortodoncia por la Universidad Internacional de Catalu\u00f1a, adem\u00e1s de contar con la distinci\u00f3n Invisalign Diamond II Provider, m\u00e1xima certificaci\u00f3n en ortodoncia invisible.<\/p>\n<p>En el campo de la divulgaci\u00f3n y la docencia, le ha sido otorgado el <strong>Primer Premio a los mejores casos tratados con ortodoncia invisible lingual<\/strong> por la Sociedad Europea de Ortodoncia Lingual y es profesor asociado de Ortodoncia en la Universidad Internacional de Catalu\u00f1a desde el a\u00f1o 2001.<\/p>\n<p>Por tanto, una especializaci\u00f3n absoluta, una constante investigaci\u00f3n y una dilatada experiencia en su campo <strong>le han proporcionado tambi\u00e9n el reconocimiento de sus pacientes<\/strong> que es, al fin y al cabo, el m\u00e1ximo galard\u00f3n para un profesional en esta especialidad odontol\u00f3gica, la Ortodoncia, tan importante para el equilibrio morfol\u00f3gico y funcional de la boca, la cara y la persona, en general.<\/p>\n\n\n<div class=\"kk-star-ratings kksr-auto kksr-align-left kksr-valign-bottom\"\n    data-payload='{&quot;align&quot;:&quot;left&quot;,&quot;id&quot;:&quot;1703&quot;,&quot;slug&quot;:&quot;default&quot;,&quot;valign&quot;:&quot;bottom&quot;,&quot;ignore&quot;:&quot;&quot;,&quot;reference&quot;:&quot;auto&quot;,&quot;class&quot;:&quot;&quot;,&quot;count&quot;:&quot;1&quot;,&quot;legendonly&quot;:&quot;&quot;,&quot;readonly&quot;:&quot;&quot;,&quot;score&quot;:&quot;1&quot;,&quot;starsonly&quot;:&quot;&quot;,&quot;best&quot;:&quot;5&quot;,&quot;gap&quot;:&quot;5&quot;,&quot;greet&quot;:&quot;Punt\u00faa este post&quot;,&quot;legend&quot;:&quot;1\\\/5 - (1 voto)&quot;,&quot;size&quot;:&quot;24&quot;,&quot;title&quot;:&quot;El Dr. Fernando de la Iglesia, nuevo Miembro Diplomado de la Sociedad Espa\u00f1ola de Ortodoncia (SEDO) y del Spanish Board of Orthodontics (SBO)&quot;,&quot;width&quot;:&quot;26.5&quot;,&quot;_legend&quot;:&quot;{score}\\\/{best} - ({count} {votes})&quot;,&quot;font_factor&quot;:&quot;1.25&quot;}'>\n            \n<div class=\"kksr-stars\">\n    \n<div class=\"kksr-stars-inactive\">\n            <div class=\"kksr-star\" data-star=\"1\" style=\"padding-right: 5px\">\n            \n\n<div class=\"kksr-icon\" style=\"width: 24px; height: 24px;\"><\/div>\n        <\/div>\n            <div class=\"kksr-star\" data-star=\"2\" style=\"padding-right: 5px\">\n            \n\n<div class=\"kksr-icon\" style=\"width: 24px; height: 24px;\"><\/div>\n        <\/div>\n            <div class=\"kksr-star\" data-star=\"3\" style=\"padding-right: 5px\">\n            \n\n<div class=\"kksr-icon\" style=\"width: 24px; height: 24px;\"><\/div>\n        <\/div>\n            <div class=\"kksr-star\" data-star=\"4\" style=\"padding-right: 5px\">\n            \n\n<div class=\"kksr-icon\" style=\"width: 24px; height: 24px;\"><\/div>\n        <\/div>\n            <div class=\"kksr-star\" data-star=\"5\" style=\"padding-right: 5px\">\n            \n\n<div class=\"kksr-icon\" style=\"width: 24px; height: 24px;\"><\/div>\n        <\/div>\n    <\/div>\n    \n<div class=\"kksr-stars-active\" style=\"width: 26.5px;\">\n            <div class=\"kksr-star\" style=\"padding-right: 5px\">\n            \n\n<div class=\"kksr-icon\" style=\"width: 24px; height: 24px;\"><\/div>\n        <\/div>\n            <div class=\"kksr-star\" style=\"padding-right: 5px\">\n            \n\n<div class=\"kksr-icon\" style=\"width: 24px; height: 24px;\"><\/div>\n        <\/div>\n            <div class=\"kksr-star\" style=\"padding-right: 5px\">\n            \n\n<div class=\"kksr-icon\" style=\"width: 24px; height: 24px;\"><\/div>\n        <\/div>\n            <div class=\"kksr-star\" style=\"padding-right: 5px\">\n            \n\n<div class=\"kksr-icon\" style=\"width: 24px; height: 24px;\"><\/div>\n        <\/div>\n            <div class=\"kksr-star\" style=\"padding-right: 5px\">\n            \n\n<div class=\"kksr-icon\" style=\"width: 24px; height: 24px;\"><\/div>\n        <\/div>\n    <\/div>\n<\/div>\n                \n\n<div class=\"kksr-legend\" style=\"font-size: 19.2px;\">\n            1\/5 - (1 voto)    <\/div>\n    <\/div>\n","protected":false},"excerpt":{"rendered":"<p>Con motivo del 69\u00ba Congreso de la Sociedad Espa\u00f1ola de  [&#8230;]<\/p>\n","protected":false},"author":2,"featured_media":1710,"comment_status":"closed","ping_status":"closed","sticky":false,"template":"","format":"standard","meta":{"footnotes":""},"categories":[11],"tags":[],"class_list":["post-1703","post","type-post","status-publish","format-standard","has-post-thumbnail","hentry","category-noticias"],"yoast_head":"<!-- This site is optimized with the Yoast SEO plugin v27.3 - https:\/\/yoast.com\/product\/yoast-seo-wordpress\/ -->\n<title>Dr. Fernando de la Iglesia - Miembro Diplomado de la SEDO<\/title>\n<meta name=\"description\" content=\"El Dr. Fernando de la Iglesia, fundador de Ortodoncia Tres Torres Barcelona, nombrado Miembro Diplomado de la SEDO y del Spanish Board of Orthodontics.\" \/>\n<meta name=\"robots\" content=\"index, follow, max-snippet:-1, max-image-preview:large, max-video-preview:-1\" \/>\n<link rel=\"canonical\" href=\"https:\/\/ortodonciabarcelona.com\/blog-profesional\/wp-json\/wp\/v2\/posts\/1703\" \/>\n<meta property=\"og:locale\" content=\"es_ES\" \/>\n<meta property=\"og:type\" content=\"article\" \/>\n<meta property=\"og:title\" content=\"Dr. Fernando de la Iglesia - Miembro Diplomado de la SEDO\" \/>\n<meta property=\"og:description\" content=\"El Dr. Fernando de la Iglesia, fundador de Ortodoncia Tres Torres Barcelona, nombrado Miembro Diplomado de la SEDO y del Spanish Board of Orthodontics.\" \/>\n<meta property=\"og:url\" content=\"https:\/\/ortodonciabarcelona.com\/blog-profesional\/dr-fernando-de-la-iglesisa-miembro-diplomado-sedo\/\" \/>\n<meta property=\"og:site_name\" content=\"Blog Profesional Ortodoncia Tres Torres\" \/>\n<meta property=\"article:published_time\" content=\"2023-07-25T11:00:49+00:00\" \/>\n<meta property=\"article:modified_time\" content=\"2023-07-25T11:56:34+00:00\" \/>\n<meta property=\"og:image\" content=\"https:\/\/ortodonciabarcelona.com\/blog-profesional\/wp-content\/uploads\/2023\/07\/Dr-fernando-de-la-iglesisa-beyme-nuevo-miembro-diplomado-sedo.jpg\" \/>\n\t<meta property=\"og:image:width\" content=\"700\" \/>\n\t<meta property=\"og:image:height\" content=\"425\" \/>\n\t<meta property=\"og:image:type\" content=\"image\/jpeg\" \/>\n<meta name=\"author\" content=\"Dr. Fernando de la Iglesia Beyme\" \/>\n<meta name=\"twitter:label1\" content=\"Escrito por\" \/>\n\t<meta name=\"twitter:data1\" content=\"Dr. Fernando de la Iglesia Beyme\" \/>\n\t<meta name=\"twitter:label2\" content=\"Tiempo de lectura\" \/>\n\t<meta name=\"twitter:data2\" content=\"4 minutos\" \/>\n<script type=\"application\/ld+json\" class=\"yoast-schema-graph\">{\"@context\":\"https:\\\/\\\/schema.org\",\"@graph\":[{\"@type\":\"Article\",\"@id\":\"https:\\\/\\\/ortodonciabarcelona.com\\\/blog-profesional\\\/dr-fernando-de-la-iglesisa-miembro-diplomado-sedo\\\/#article\",\"isPartOf\":{\"@id\":\"https:\\\/\\\/ortodonciabarcelona.com\\\/blog-profesional\\\/dr-fernando-de-la-iglesisa-miembro-diplomado-sedo\\\/\"},\"author\":{\"name\":\"Dr. Fernando de la Iglesia Beyme\",\"@id\":\"https:\\\/\\\/ortodonciabarcelona.com\\\/blog-profesional\\\/#\\\/schema\\\/person\\\/6e8f1e4d584209c52f7c939dd0752f33\"},\"headline\":\"El Dr. Fernando de la Iglesia, nuevo Miembro Diplomado de la Sociedad Espa\u00f1ola de Ortodoncia (SEDO) y del Spanish Board of Orthodontics (SBO)\",\"datePublished\":\"2023-07-25T11:00:49+00:00\",\"dateModified\":\"2023-07-25T11:56:34+00:00\",\"mainEntityOfPage\":{\"@id\":\"https:\\\/\\\/ortodonciabarcelona.com\\\/blog-profesional\\\/dr-fernando-de-la-iglesisa-miembro-diplomado-sedo\\\/\"},\"wordCount\":589,\"publisher\":{\"@id\":\"https:\\\/\\\/ortodonciabarcelona.com\\\/blog-profesional\\\/#organization\"},\"image\":{\"@id\":\"https:\\\/\\\/ortodonciabarcelona.com\\\/blog-profesional\\\/dr-fernando-de-la-iglesisa-miembro-diplomado-sedo\\\/#primaryimage\"},\"thumbnailUrl\":\"https:\\\/\\\/ortodonciabarcelona.com\\\/blog-profesional\\\/wp-content\\\/uploads\\\/2023\\\/07\\\/Dr-fernando-de-la-iglesisa-beyme-nuevo-miembro-diplomado-sedo.jpg\",\"articleSection\":[\"noticias\"],\"inLanguage\":\"es\"},{\"@type\":\"WebPage\",\"@id\":\"https:\\\/\\\/ortodonciabarcelona.com\\\/blog-profesional\\\/dr-fernando-de-la-iglesisa-miembro-diplomado-sedo\\\/\",\"url\":\"https:\\\/\\\/ortodonciabarcelona.com\\\/blog-profesional\\\/dr-fernando-de-la-iglesisa-miembro-diplomado-sedo\\\/\",\"name\":\"Dr. Fernando de la Iglesia - Miembro Diplomado de la SEDO\",\"isPartOf\":{\"@id\":\"https:\\\/\\\/ortodonciabarcelona.com\\\/blog-profesional\\\/#website\"},\"primaryImageOfPage\":{\"@id\":\"https:\\\/\\\/ortodonciabarcelona.com\\\/blog-profesional\\\/dr-fernando-de-la-iglesisa-miembro-diplomado-sedo\\\/#primaryimage\"},\"image\":{\"@id\":\"https:\\\/\\\/ortodonciabarcelona.com\\\/blog-profesional\\\/dr-fernando-de-la-iglesisa-miembro-diplomado-sedo\\\/#primaryimage\"},\"thumbnailUrl\":\"https:\\\/\\\/ortodonciabarcelona.com\\\/blog-profesional\\\/wp-content\\\/uploads\\\/2023\\\/07\\\/Dr-fernando-de-la-iglesisa-beyme-nuevo-miembro-diplomado-sedo.jpg\",\"datePublished\":\"2023-07-25T11:00:49+00:00\",\"dateModified\":\"2023-07-25T11:56:34+00:00\",\"description\":\"El Dr. Fernando de la Iglesia, fundador de Ortodoncia Tres Torres Barcelona, nombrado Miembro Diplomado de la SEDO y del Spanish Board of Orthodontics.\",\"breadcrumb\":{\"@id\":\"https:\\\/\\\/ortodonciabarcelona.com\\\/blog-profesional\\\/dr-fernando-de-la-iglesisa-miembro-diplomado-sedo\\\/#breadcrumb\"},\"inLanguage\":\"es\",\"potentialAction\":[{\"@type\":\"ReadAction\",\"target\":[\"https:\\\/\\\/ortodonciabarcelona.com\\\/blog-profesional\\\/dr-fernando-de-la-iglesisa-miembro-diplomado-sedo\\\/\"]}]},{\"@type\":\"ImageObject\",\"inLanguage\":\"es\",\"@id\":\"https:\\\/\\\/ortodonciabarcelona.com\\\/blog-profesional\\\/dr-fernando-de-la-iglesisa-miembro-diplomado-sedo\\\/#primaryimage\",\"url\":\"https:\\\/\\\/ortodonciabarcelona.com\\\/blog-profesional\\\/wp-content\\\/uploads\\\/2023\\\/07\\\/Dr-fernando-de-la-iglesisa-beyme-nuevo-miembro-diplomado-sedo.jpg\",\"contentUrl\":\"https:\\\/\\\/ortodonciabarcelona.com\\\/blog-profesional\\\/wp-content\\\/uploads\\\/2023\\\/07\\\/Dr-fernando-de-la-iglesisa-beyme-nuevo-miembro-diplomado-sedo.jpg\",\"width\":700,\"height\":425,\"caption\":\"El Dr. En ortodoncia Fernando de la Iglesia es uno de los nuevos Miembros Diplomados SEDO y del Board Espa\u00f1ol en Ortodoncia.\"},{\"@type\":\"BreadcrumbList\",\"@id\":\"https:\\\/\\\/ortodonciabarcelona.com\\\/blog-profesional\\\/dr-fernando-de-la-iglesisa-miembro-diplomado-sedo\\\/#breadcrumb\",\"itemListElement\":[{\"@type\":\"ListItem\",\"position\":1,\"name\":\"Portada\",\"item\":\"https:\\\/\\\/ortodonciabarcelona.com\\\/blog-profesional\\\/\"},{\"@type\":\"ListItem\",\"position\":2,\"name\":\"El Dr. Fernando de la Iglesia, nuevo Miembro Diplomado de la Sociedad Espa\u00f1ola de Ortodoncia (SEDO) y del Spanish Board of Orthodontics (SBO)\"}]},{\"@type\":\"WebSite\",\"@id\":\"https:\\\/\\\/ortodonciabarcelona.com\\\/blog-profesional\\\/#website\",\"url\":\"https:\\\/\\\/ortodonciabarcelona.com\\\/blog-profesional\\\/\",\"name\":\"Blog Profesional Ortodoncia Tres Torres\",\"description\":\"Blog profesional sobre ortodoncia\",\"publisher\":{\"@id\":\"https:\\\/\\\/ortodonciabarcelona.com\\\/blog-profesional\\\/#organization\"},\"potentialAction\":[{\"@type\":\"SearchAction\",\"target\":{\"@type\":\"EntryPoint\",\"urlTemplate\":\"https:\\\/\\\/ortodonciabarcelona.com\\\/blog-profesional\\\/?s={search_term_string}\"},\"query-input\":{\"@type\":\"PropertyValueSpecification\",\"valueRequired\":true,\"valueName\":\"search_term_string\"}}],\"inLanguage\":\"es\"},{\"@type\":\"Organization\",\"@id\":\"https:\\\/\\\/ortodonciabarcelona.com\\\/blog-profesional\\\/#organization\",\"name\":\"Blog Profesional Ortodoncia Tres Torres\",\"url\":\"https:\\\/\\\/ortodonciabarcelona.com\\\/blog-profesional\\\/\",\"logo\":{\"@type\":\"ImageObject\",\"inLanguage\":\"es\",\"@id\":\"https:\\\/\\\/ortodonciabarcelona.com\\\/blog-profesional\\\/#\\\/schema\\\/logo\\\/image\\\/\",\"url\":\"https:\\\/\\\/ortodonciabarcelona.com\\\/blog-profesional\\\/wp-content\\\/uploads\\\/2023\\\/05\\\/logo-blog-profesional-vertical.png\",\"contentUrl\":\"https:\\\/\\\/ortodonciabarcelona.com\\\/blog-profesional\\\/wp-content\\\/uploads\\\/2023\\\/05\\\/logo-blog-profesional-vertical.png\",\"width\":253,\"height\":323,\"caption\":\"Blog Profesional Ortodoncia Tres Torres\"},\"image\":{\"@id\":\"https:\\\/\\\/ortodonciabarcelona.com\\\/blog-profesional\\\/#\\\/schema\\\/logo\\\/image\\\/\"}},{\"@type\":\"Person\",\"@id\":\"https:\\\/\\\/ortodonciabarcelona.com\\\/blog-profesional\\\/#\\\/schema\\\/person\\\/6e8f1e4d584209c52f7c939dd0752f33\",\"name\":\"Dr. Fernando de la Iglesia Beyme\",\"image\":{\"@type\":\"ImageObject\",\"inLanguage\":\"es\",\"@id\":\"https:\\\/\\\/secure.gravatar.com\\\/avatar\\\/f556ae41fc83133c68363d54ff867b2e07ec9c9632768f5aa68fda5a3ea4abe8?s=96&d=mm&r=g\",\"url\":\"https:\\\/\\\/secure.gravatar.com\\\/avatar\\\/f556ae41fc83133c68363d54ff867b2e07ec9c9632768f5aa68fda5a3ea4abe8?s=96&d=mm&r=g\",\"contentUrl\":\"https:\\\/\\\/secure.gravatar.com\\\/avatar\\\/f556ae41fc83133c68363d54ff867b2e07ec9c9632768f5aa68fda5a3ea4abe8?s=96&d=mm&r=g\",\"caption\":\"Dr. Fernando de la Iglesia Beyme\"},\"description\":\"Licenciado en Odontolog\u00eda por la Universidad de Barcelona. M\u00e1ster y Doctor en Ortodoncia por la Universidad Internacional de Catalu\u00f1a. Miembro de la Sociedad Espa\u00f1ola de Ortodoncia (SEDO).\",\"sameAs\":[\"https:\\\/\\\/ortodonciabarcelona.com\\\/blog-profesional\\\/dr-fernando-de-la-iglesia\\\/\"]}]}<\/script>\n<!-- \/ Yoast SEO plugin. -->","yoast_head_json":{"title":"Dr. Fernando de la Iglesia - Miembro Diplomado de la SEDO","description":"El Dr. Fernando de la Iglesia, fundador de Ortodoncia Tres Torres Barcelona, nombrado Miembro Diplomado de la SEDO y del Spanish Board of Orthodontics.","robots":{"index":"index","follow":"follow","max-snippet":"max-snippet:-1","max-image-preview":"max-image-preview:large","max-video-preview":"max-video-preview:-1"},"canonical":"https:\/\/ortodonciabarcelona.com\/blog-profesional\/wp-json\/wp\/v2\/posts\/1703","og_locale":"es_ES","og_type":"article","og_title":"Dr. Fernando de la Iglesia - Miembro Diplomado de la SEDO","og_description":"El Dr. Fernando de la Iglesia, fundador de Ortodoncia Tres Torres Barcelona, nombrado Miembro Diplomado de la SEDO y del Spanish Board of Orthodontics.","og_url":"https:\/\/ortodonciabarcelona.com\/blog-profesional\/dr-fernando-de-la-iglesisa-miembro-diplomado-sedo\/","og_site_name":"Blog Profesional Ortodoncia Tres Torres","article_published_time":"2023-07-25T11:00:49+00:00","article_modified_time":"2023-07-25T11:56:34+00:00","og_image":[{"width":700,"height":425,"url":"https:\/\/ortodonciabarcelona.com\/blog-profesional\/wp-content\/uploads\/2023\/07\/Dr-fernando-de-la-iglesisa-beyme-nuevo-miembro-diplomado-sedo.jpg","type":"image\/jpeg"}],"author":"Dr. Fernando de la Iglesia Beyme","twitter_misc":{"Escrito por":"Dr. Fernando de la Iglesia Beyme","Tiempo de lectura":"4 minutos"},"schema":{"@context":"https:\/\/schema.org","@graph":[{"@type":"Article","@id":"https:\/\/ortodonciabarcelona.com\/blog-profesional\/dr-fernando-de-la-iglesisa-miembro-diplomado-sedo\/#article","isPartOf":{"@id":"https:\/\/ortodonciabarcelona.com\/blog-profesional\/dr-fernando-de-la-iglesisa-miembro-diplomado-sedo\/"},"author":{"name":"Dr. Fernando de la Iglesia Beyme","@id":"https:\/\/ortodonciabarcelona.com\/blog-profesional\/#\/schema\/person\/6e8f1e4d584209c52f7c939dd0752f33"},"headline":"El Dr. Fernando de la Iglesia, nuevo Miembro Diplomado de la Sociedad Espa\u00f1ola de Ortodoncia (SEDO) y del Spanish Board of Orthodontics (SBO)","datePublished":"2023-07-25T11:00:49+00:00","dateModified":"2023-07-25T11:56:34+00:00","mainEntityOfPage":{"@id":"https:\/\/ortodonciabarcelona.com\/blog-profesional\/dr-fernando-de-la-iglesisa-miembro-diplomado-sedo\/"},"wordCount":589,"publisher":{"@id":"https:\/\/ortodonciabarcelona.com\/blog-profesional\/#organization"},"image":{"@id":"https:\/\/ortodonciabarcelona.com\/blog-profesional\/dr-fernando-de-la-iglesisa-miembro-diplomado-sedo\/#primaryimage"},"thumbnailUrl":"https:\/\/ortodonciabarcelona.com\/blog-profesional\/wp-content\/uploads\/2023\/07\/Dr-fernando-de-la-iglesisa-beyme-nuevo-miembro-diplomado-sedo.jpg","articleSection":["noticias"],"inLanguage":"es"},{"@type":"WebPage","@id":"https:\/\/ortodonciabarcelona.com\/blog-profesional\/dr-fernando-de-la-iglesisa-miembro-diplomado-sedo\/","url":"https:\/\/ortodonciabarcelona.com\/blog-profesional\/dr-fernando-de-la-iglesisa-miembro-diplomado-sedo\/","name":"Dr. Fernando de la Iglesia - Miembro Diplomado de la SEDO","isPartOf":{"@id":"https:\/\/ortodonciabarcelona.com\/blog-profesional\/#website"},"primaryImageOfPage":{"@id":"https:\/\/ortodonciabarcelona.com\/blog-profesional\/dr-fernando-de-la-iglesisa-miembro-diplomado-sedo\/#primaryimage"},"image":{"@id":"https:\/\/ortodonciabarcelona.com\/blog-profesional\/dr-fernando-de-la-iglesisa-miembro-diplomado-sedo\/#primaryimage"},"thumbnailUrl":"https:\/\/ortodonciabarcelona.com\/blog-profesional\/wp-content\/uploads\/2023\/07\/Dr-fernando-de-la-iglesisa-beyme-nuevo-miembro-diplomado-sedo.jpg","datePublished":"2023-07-25T11:00:49+00:00","dateModified":"2023-07-25T11:56:34+00:00","description":"El Dr. Fernando de la Iglesia, fundador de Ortodoncia Tres Torres Barcelona, nombrado Miembro Diplomado de la SEDO y del Spanish Board of Orthodontics.","breadcrumb":{"@id":"https:\/\/ortodonciabarcelona.com\/blog-profesional\/dr-fernando-de-la-iglesisa-miembro-diplomado-sedo\/#breadcrumb"},"inLanguage":"es","potentialAction":[{"@type":"ReadAction","target":["https:\/\/ortodonciabarcelona.com\/blog-profesional\/dr-fernando-de-la-iglesisa-miembro-diplomado-sedo\/"]}]},{"@type":"ImageObject","inLanguage":"es","@id":"https:\/\/ortodonciabarcelona.com\/blog-profesional\/dr-fernando-de-la-iglesisa-miembro-diplomado-sedo\/#primaryimage","url":"https:\/\/ortodonciabarcelona.com\/blog-profesional\/wp-content\/uploads\/2023\/07\/Dr-fernando-de-la-iglesisa-beyme-nuevo-miembro-diplomado-sedo.jpg","contentUrl":"https:\/\/ortodonciabarcelona.com\/blog-profesional\/wp-content\/uploads\/2023\/07\/Dr-fernando-de-la-iglesisa-beyme-nuevo-miembro-diplomado-sedo.jpg","width":700,"height":425,"caption":"El Dr. En ortodoncia Fernando de la Iglesia es uno de los nuevos Miembros Diplomados SEDO y del Board Espa\u00f1ol en Ortodoncia."},{"@type":"BreadcrumbList","@id":"https:\/\/ortodonciabarcelona.com\/blog-profesional\/dr-fernando-de-la-iglesisa-miembro-diplomado-sedo\/#breadcrumb","itemListElement":[{"@type":"ListItem","position":1,"name":"Portada","item":"https:\/\/ortodonciabarcelona.com\/blog-profesional\/"},{"@type":"ListItem","position":2,"name":"El Dr. Fernando de la Iglesia, nuevo Miembro Diplomado de la Sociedad Espa\u00f1ola de Ortodoncia (SEDO) y del Spanish Board of Orthodontics (SBO)"}]},{"@type":"WebSite","@id":"https:\/\/ortodonciabarcelona.com\/blog-profesional\/#website","url":"https:\/\/ortodonciabarcelona.com\/blog-profesional\/","name":"Blog Profesional Ortodoncia Tres Torres","description":"Blog profesional sobre ortodoncia","publisher":{"@id":"https:\/\/ortodonciabarcelona.com\/blog-profesional\/#organization"},"potentialAction":[{"@type":"SearchAction","target":{"@type":"EntryPoint","urlTemplate":"https:\/\/ortodonciabarcelona.com\/blog-profesional\/?s={search_term_string}"},"query-input":{"@type":"PropertyValueSpecification","valueRequired":true,"valueName":"search_term_string"}}],"inLanguage":"es"},{"@type":"Organization","@id":"https:\/\/ortodonciabarcelona.com\/blog-profesional\/#organization","name":"Blog Profesional Ortodoncia Tres Torres","url":"https:\/\/ortodonciabarcelona.com\/blog-profesional\/","logo":{"@type":"ImageObject","inLanguage":"es","@id":"https:\/\/ortodonciabarcelona.com\/blog-profesional\/#\/schema\/logo\/image\/","url":"https:\/\/ortodonciabarcelona.com\/blog-profesional\/wp-content\/uploads\/2023\/05\/logo-blog-profesional-vertical.png","contentUrl":"https:\/\/ortodonciabarcelona.com\/blog-profesional\/wp-content\/uploads\/2023\/05\/logo-blog-profesional-vertical.png","width":253,"height":323,"caption":"Blog Profesional Ortodoncia Tres Torres"},"image":{"@id":"https:\/\/ortodonciabarcelona.com\/blog-profesional\/#\/schema\/logo\/image\/"}},{"@type":"Person","@id":"https:\/\/ortodonciabarcelona.com\/blog-profesional\/#\/schema\/person\/6e8f1e4d584209c52f7c939dd0752f33","name":"Dr. Fernando de la Iglesia Beyme","image":{"@type":"ImageObject","inLanguage":"es","@id":"https:\/\/secure.gravatar.com\/avatar\/f556ae41fc83133c68363d54ff867b2e07ec9c9632768f5aa68fda5a3ea4abe8?s=96&d=mm&r=g","url":"https:\/\/secure.gravatar.com\/avatar\/f556ae41fc83133c68363d54ff867b2e07ec9c9632768f5aa68fda5a3ea4abe8?s=96&d=mm&r=g","contentUrl":"https:\/\/secure.gravatar.com\/avatar\/f556ae41fc83133c68363d54ff867b2e07ec9c9632768f5aa68fda5a3ea4abe8?s=96&d=mm&r=g","caption":"Dr. Fernando de la Iglesia Beyme"},"description":"Licenciado en Odontolog\u00eda por la Universidad de Barcelona. M\u00e1ster y Doctor en Ortodoncia por la Universidad Internacional de Catalu\u00f1a. Miembro de la Sociedad Espa\u00f1ola de Ortodoncia (SEDO).","sameAs":["https:\/\/ortodonciabarcelona.com\/blog-profesional\/dr-fernando-de-la-iglesia\/"]}]}},"_links":{"self":[{"href":"https:\/\/ortodonciabarcelona.com\/blog-profesional\/wp-json\/wp\/v2\/posts\/1703","targetHints":{"allow":["GET"]}}],"collection":[{"href":"https:\/\/ortodonciabarcelona.com\/blog-profesional\/wp-json\/wp\/v2\/posts"}],"about":[{"href":"https:\/\/ortodonciabarcelona.com\/blog-profesional\/wp-json\/wp\/v2\/types\/post"}],"author":[{"embeddable":true,"href":"https:\/\/ortodonciabarcelona.com\/blog-profesional\/wp-json\/wp\/v2\/users\/2"}],"replies":[{"embeddable":true,"href":"https:\/\/ortodonciabarcelona.com\/blog-profesional\/wp-json\/wp\/v2\/comments?post=1703"}],"version-history":[{"count":9,"href":"https:\/\/ortodonciabarcelona.com\/blog-profesional\/wp-json\/wp\/v2\/posts\/1703\/revisions"}],"predecessor-version":[{"id":1705,"href":"https:\/\/ortodonciabarcelona.com\/blog-profesional\/wp-json\/wp\/v2\/posts\/1703\/revisions\/1705"}],"wp:featuredmedia":[{"embeddable":true,"href":"https:\/\/ortodonciabarcelona.com\/blog-profesional\/wp-json\/wp\/v2\/media\/1710"}],"wp:attachment":[{"href":"https:\/\/ortodonciabarcelona.com\/blog-profesional\/wp-json\/wp\/v2\/media?parent=1703"}],"wp:term":[{"taxonomy":"category","embeddable":true,"href":"https:\/\/ortodonciabarcelona.com\/blog-profesional\/wp-json\/wp\/v2\/categories?post=1703"},{"taxonomy":"post_tag","embeddable":true,"href":"https:\/\/ortodonciabarcelona.com\/blog-profesional\/wp-json\/wp\/v2\/tags?post=1703"}],"curies":[{"name":"wp","href":"https:\/\/api.w.org\/{rel}","templated":true}]}}