{"id":1374,"date":"2019-05-21T11:09:41","date_gmt":"2019-05-21T11:09:41","guid":{"rendered":"https:\/\/ortodonciabarcelona.com\/blog-profesional\/?p=1374"},"modified":"2023-06-01T08:12:40","modified_gmt":"2023-06-01T08:12:40","slug":"asistimos-al-congreso-2019-de-la-american-association-of-orthodontists","status":"publish","type":"post","link":"https:\/\/ortodonciabarcelona.com\/blog-profesional\/asistimos-al-congreso-2019-de-la-american-association-of-orthodontists\/","title":{"rendered":"Asistimos al Congreso 2019 de la American Association of Orthodontists"},"content":{"rendered":"<p>La AAO, American Association of Orthodontists, es una asociaci\u00f3n profesional de especialistas en ortodoncia dedicada a promover \u00e9ticamente el arte y la ciencia de la ortodoncia, mejorar la salud de las personas mediante la promoci\u00f3n de la atenci\u00f3n de calidad y apoyar la pr\u00e1ctica de la ortodoncia. La AAO est\u00e1 compuesta por m\u00e1s de 16.000 miembros en los Estados Unidos, Canad\u00e1 y otros pa\u00edses. Como miembro de AAO, he tenido el placer de asistir al <strong>Congreso Anual 2019 de la American Association of Orthodontists<\/strong> que se ha celebrado del 3 de mayo al 7 de mayo en el Centro de Convenciones de Los \u00c1ngeles.<\/p>\n<p><img decoding=\"async\" class=\"lazyload size-full wp-image-1377 aligncenter\" src=\"https:\/\/ortodonciabarcelona.com\/blog-profesional\/wp-content\/uploads\/2019\/05\/fernando-de-la-iglesia-AAO-2019.jpg\" data-orig-src=\"https:\/\/ortodonciabarcelona.com\/blog-profesional\/wp-content\/uploads\/2019\/05\/fernando-de-la-iglesia-AAO-2019.jpg\" alt=\"Imagen del Dr. Fernando de la Iglesia en el Congreso Anual 2019 de la American Association of Orthodontists celebrado en Los \u00c1ngeles \" width=\"500\" height=\"375\" srcset=\"data:image\/svg+xml,%3Csvg%20xmlns%3D%27http%3A%2F%2Fwww.w3.org%2F2000%2Fsvg%27%20width%3D%27500%27%20height%3D%27375%27%20viewBox%3D%270%200%20500%20375%27%3E%3Crect%20width%3D%27500%27%20height%3D%27375%27%20fill-opacity%3D%220%22%2F%3E%3C%2Fsvg%3E\" data-srcset=\"https:\/\/ortodonciabarcelona.com\/blog-profesional\/wp-content\/uploads\/2019\/05\/fernando-de-la-iglesia-AAO-2019-200x150.jpg 200w, https:\/\/ortodonciabarcelona.com\/blog-profesional\/wp-content\/uploads\/2019\/05\/fernando-de-la-iglesia-AAO-2019-300x225.jpg 300w, https:\/\/ortodonciabarcelona.com\/blog-profesional\/wp-content\/uploads\/2019\/05\/fernando-de-la-iglesia-AAO-2019-400x300.jpg 400w, https:\/\/ortodonciabarcelona.com\/blog-profesional\/wp-content\/uploads\/2019\/05\/fernando-de-la-iglesia-AAO-2019.jpg 500w\" data-sizes=\"auto\" data-orig-sizes=\"(max-width: 500px) 100vw, 500px\" \/><\/p>\n<p>Es el principal encuentro que re\u00fane a expertos internacionales, investigadores y responsables de las compa\u00f1\u00edas tecnol\u00f3gicas m\u00e1s innovadoras del mundo, con el objetivo de compartir tanto nuevos conocimientos como productos y equipos de \u00faltima generaci\u00f3n en el campo de la ortodoncia: impresoras 3D, esc\u00e1neres dentales, alineadores, etc.<\/p>\n<p><img decoding=\"async\" class=\"lazyload size-full wp-image-1384 aligncenter\" src=\"https:\/\/ortodonciabarcelona.com\/blog-profesional\/wp-content\/uploads\/2019\/05\/conferencia-expositores-AAO-2019-1.jpg\" data-orig-src=\"https:\/\/ortodonciabarcelona.com\/blog-profesional\/wp-content\/uploads\/2019\/05\/conferencia-expositores-AAO-2019-1.jpg\" alt=\"Imagen de una conferencia y expositores del Congreso Anual 2019 de la Asociaci\u00f3n Americana de Ortodoncistas celebrado del 3 de mayo al 7 de mayo en Los \u00c1ngeles\" width=\"700\" height=\"350\" srcset=\"data:image\/svg+xml,%3Csvg%20xmlns%3D%27http%3A%2F%2Fwww.w3.org%2F2000%2Fsvg%27%20width%3D%27700%27%20height%3D%27350%27%20viewBox%3D%270%200%20700%20350%27%3E%3Crect%20width%3D%27700%27%20height%3D%27350%27%20fill-opacity%3D%220%22%2F%3E%3C%2Fsvg%3E\" data-srcset=\"https:\/\/ortodonciabarcelona.com\/blog-profesional\/wp-content\/uploads\/2019\/05\/conferencia-expositores-AAO-2019-1-200x100.jpg 200w, https:\/\/ortodonciabarcelona.com\/blog-profesional\/wp-content\/uploads\/2019\/05\/conferencia-expositores-AAO-2019-1-300x150.jpg 300w, https:\/\/ortodonciabarcelona.com\/blog-profesional\/wp-content\/uploads\/2019\/05\/conferencia-expositores-AAO-2019-1-400x200.jpg 400w, https:\/\/ortodonciabarcelona.com\/blog-profesional\/wp-content\/uploads\/2019\/05\/conferencia-expositores-AAO-2019-1-600x300.jpg 600w, https:\/\/ortodonciabarcelona.com\/blog-profesional\/wp-content\/uploads\/2019\/05\/conferencia-expositores-AAO-2019-1.jpg 700w\" data-sizes=\"auto\" data-orig-sizes=\"(max-width: 700px) 100vw, 700px\" \/><\/p>\n<p>Las conferencias y reuniones celebradas por la Asociaci\u00f3n Americana de Ortodoncistas nos brindan muchas oportunidades para conocer en directo los \u00faltimos avances en ortodoncia, lo que permite a los especialistas ortodontistas ofrecer los tratamientos m\u00e1s avanzados para mejorar la salud bucal y dental de nuestros pacientes.<\/p>\n\n\n<div class=\"kk-star-ratings kksr-auto kksr-align-left kksr-valign-bottom\"\n    data-payload='{&quot;align&quot;:&quot;left&quot;,&quot;id&quot;:&quot;1374&quot;,&quot;slug&quot;:&quot;default&quot;,&quot;valign&quot;:&quot;bottom&quot;,&quot;ignore&quot;:&quot;&quot;,&quot;reference&quot;:&quot;auto&quot;,&quot;class&quot;:&quot;&quot;,&quot;count&quot;:&quot;4&quot;,&quot;legendonly&quot;:&quot;&quot;,&quot;readonly&quot;:&quot;&quot;,&quot;score&quot;:&quot;2.7&quot;,&quot;starsonly&quot;:&quot;&quot;,&quot;best&quot;:&quot;5&quot;,&quot;gap&quot;:&quot;5&quot;,&quot;greet&quot;:&quot;Punt\u00faa este post&quot;,&quot;legend&quot;:&quot;2.7\\\/5 - (4 votos)&quot;,&quot;size&quot;:&quot;24&quot;,&quot;title&quot;:&quot;Asistimos al Congreso 2019 de la American Association of Orthodontists&quot;,&quot;width&quot;:&quot;75.8&quot;,&quot;_legend&quot;:&quot;{score}\\\/{best} - ({count} {votes})&quot;,&quot;font_factor&quot;:&quot;1.25&quot;}'>\n            \n<div class=\"kksr-stars\">\n    \n<div class=\"kksr-stars-inactive\">\n            <div class=\"kksr-star\" data-star=\"1\" style=\"padding-right: 5px\">\n            \n\n<div class=\"kksr-icon\" style=\"width: 24px; height: 24px;\"><\/div>\n        <\/div>\n            <div class=\"kksr-star\" data-star=\"2\" style=\"padding-right: 5px\">\n            \n\n<div class=\"kksr-icon\" style=\"width: 24px; height: 24px;\"><\/div>\n        <\/div>\n            <div class=\"kksr-star\" data-star=\"3\" style=\"padding-right: 5px\">\n            \n\n<div class=\"kksr-icon\" style=\"width: 24px; height: 24px;\"><\/div>\n        <\/div>\n            <div class=\"kksr-star\" data-star=\"4\" style=\"padding-right: 5px\">\n            \n\n<div class=\"kksr-icon\" style=\"width: 24px; height: 24px;\"><\/div>\n        <\/div>\n            <div class=\"kksr-star\" data-star=\"5\" style=\"padding-right: 5px\">\n            \n\n<div class=\"kksr-icon\" style=\"width: 24px; height: 24px;\"><\/div>\n        <\/div>\n    <\/div>\n    \n<div class=\"kksr-stars-active\" style=\"width: 75.8px;\">\n            <div class=\"kksr-star\" style=\"padding-right: 5px\">\n            \n\n<div class=\"kksr-icon\" style=\"width: 24px; height: 24px;\"><\/div>\n        <\/div>\n            <div class=\"kksr-star\" style=\"padding-right: 5px\">\n            \n\n<div class=\"kksr-icon\" style=\"width: 24px; height: 24px;\"><\/div>\n        <\/div>\n            <div class=\"kksr-star\" style=\"padding-right: 5px\">\n            \n\n<div class=\"kksr-icon\" style=\"width: 24px; height: 24px;\"><\/div>\n        <\/div>\n            <div class=\"kksr-star\" style=\"padding-right: 5px\">\n            \n\n<div class=\"kksr-icon\" style=\"width: 24px; height: 24px;\"><\/div>\n        <\/div>\n            <div class=\"kksr-star\" style=\"padding-right: 5px\">\n            \n\n<div class=\"kksr-icon\" style=\"width: 24px; height: 24px;\"><\/div>\n        <\/div>\n    <\/div>\n<\/div>\n                \n\n<div class=\"kksr-legend\" style=\"font-size: 19.2px;\">\n            2.7\/5 - (4 votos)    <\/div>\n    <\/div>\n","protected":false},"excerpt":{"rendered":"<p>La AAO, American Association of Orthodontists, es una asociaci\u00f3n profesional  [&#8230;]<\/p>\n","protected":false},"author":2,"featured_media":1376,"comment_status":"closed","ping_status":"closed","sticky":false,"template":"","format":"standard","meta":{"footnotes":""},"categories":[11],"tags":[],"class_list":["post-1374","post","type-post","status-publish","format-standard","has-post-thumbnail","hentry","category-noticias"],"yoast_head":"<!-- This site is optimized with the Yoast SEO plugin v27.3 - https:\/\/yoast.com\/product\/yoast-seo-wordpress\/ -->\n<title>Congreso anual 2019 de American Association of Orthodontists<\/title>\n<meta name=\"description\" content=\"El doctor Fernando de la Iglesia asiste al Congreso Anual 2019 de la American Association of Orthodontists para conocer los \u00faltimos avances en ortodoncia\" \/>\n<meta name=\"robots\" content=\"noindex, nofollow\" \/>\n<meta property=\"og:locale\" content=\"es_ES\" \/>\n<meta property=\"og:type\" content=\"article\" \/>\n<meta property=\"og:title\" content=\"Dr. Fernando de la Iglesia en el AAO 2019 de American Association of Orthodontists\" \/>\n<meta property=\"og:description\" content=\"Dr. Fernando de la Iglesia en el Congreso Anual 2019 2019 de American Association of Orthodontists (AAO)\" \/>\n<meta property=\"og:url\" content=\"https:\/\/ortodonciabarcelona.com\/blog-profesional\/asistimos-al-congreso-2019-de-la-american-association-of-orthodontists\/\" \/>\n<meta property=\"og:site_name\" content=\"Blog Profesional Ortodoncia Tres Torres\" \/>\n<meta property=\"article:published_time\" content=\"2019-05-21T11:09:41+00:00\" \/>\n<meta property=\"article:modified_time\" content=\"2023-06-01T08:12:40+00:00\" \/>\n<meta property=\"og:image\" content=\"https:\/\/ortodonciabarcelona.com\/blog-profesional\/wp-content\/uploads\/2019\/05\/congreso-American-Association-of-Orthodontists.jpg\" \/>\n\t<meta property=\"og:image:width\" content=\"700\" \/>\n\t<meta property=\"og:image:height\" content=\"425\" \/>\n\t<meta property=\"og:image:type\" content=\"image\/jpeg\" \/>\n<meta name=\"author\" content=\"Dr. Fernando de la Iglesia Beyme\" \/>\n<meta name=\"twitter:label1\" content=\"Escrito por\" \/>\n\t<meta name=\"twitter:data1\" content=\"Dr. Fernando de la Iglesia Beyme\" \/>\n\t<meta name=\"twitter:label2\" content=\"Tiempo de lectura\" \/>\n\t<meta name=\"twitter:data2\" content=\"2 minutos\" \/>\n<script type=\"application\/ld+json\" class=\"yoast-schema-graph\">{\"@context\":\"https:\\\/\\\/schema.org\",\"@graph\":[{\"@type\":\"Article\",\"@id\":\"https:\\\/\\\/ortodonciabarcelona.com\\\/blog-profesional\\\/asistimos-al-congreso-2019-de-la-american-association-of-orthodontists\\\/#article\",\"isPartOf\":{\"@id\":\"https:\\\/\\\/ortodonciabarcelona.com\\\/blog-profesional\\\/asistimos-al-congreso-2019-de-la-american-association-of-orthodontists\\\/\"},\"author\":{\"name\":\"Dr. Fernando de la Iglesia Beyme\",\"@id\":\"https:\\\/\\\/ortodonciabarcelona.com\\\/blog-profesional\\\/#\\\/schema\\\/person\\\/6e8f1e4d584209c52f7c939dd0752f33\"},\"headline\":\"Asistimos al Congreso 2019 de la American Association of Orthodontists\",\"datePublished\":\"2019-05-21T11:09:41+00:00\",\"dateModified\":\"2023-06-01T08:12:40+00:00\",\"mainEntityOfPage\":{\"@id\":\"https:\\\/\\\/ortodonciabarcelona.com\\\/blog-profesional\\\/asistimos-al-congreso-2019-de-la-american-association-of-orthodontists\\\/\"},\"wordCount\":216,\"publisher\":{\"@id\":\"https:\\\/\\\/ortodonciabarcelona.com\\\/blog-profesional\\\/#organization\"},\"image\":{\"@id\":\"https:\\\/\\\/ortodonciabarcelona.com\\\/blog-profesional\\\/asistimos-al-congreso-2019-de-la-american-association-of-orthodontists\\\/#primaryimage\"},\"thumbnailUrl\":\"https:\\\/\\\/ortodonciabarcelona.com\\\/blog-profesional\\\/wp-content\\\/uploads\\\/2019\\\/05\\\/congreso-American-Association-of-Orthodontists.jpg\",\"articleSection\":[\"noticias\"],\"inLanguage\":\"es\"},{\"@type\":\"WebPage\",\"@id\":\"https:\\\/\\\/ortodonciabarcelona.com\\\/blog-profesional\\\/asistimos-al-congreso-2019-de-la-american-association-of-orthodontists\\\/\",\"url\":\"https:\\\/\\\/ortodonciabarcelona.com\\\/blog-profesional\\\/asistimos-al-congreso-2019-de-la-american-association-of-orthodontists\\\/\",\"name\":\"Congreso anual 2019 de American Association of Orthodontists\",\"isPartOf\":{\"@id\":\"https:\\\/\\\/ortodonciabarcelona.com\\\/blog-profesional\\\/#website\"},\"primaryImageOfPage\":{\"@id\":\"https:\\\/\\\/ortodonciabarcelona.com\\\/blog-profesional\\\/asistimos-al-congreso-2019-de-la-american-association-of-orthodontists\\\/#primaryimage\"},\"image\":{\"@id\":\"https:\\\/\\\/ortodonciabarcelona.com\\\/blog-profesional\\\/asistimos-al-congreso-2019-de-la-american-association-of-orthodontists\\\/#primaryimage\"},\"thumbnailUrl\":\"https:\\\/\\\/ortodonciabarcelona.com\\\/blog-profesional\\\/wp-content\\\/uploads\\\/2019\\\/05\\\/congreso-American-Association-of-Orthodontists.jpg\",\"datePublished\":\"2019-05-21T11:09:41+00:00\",\"dateModified\":\"2023-06-01T08:12:40+00:00\",\"description\":\"El doctor Fernando de la Iglesia asiste al Congreso Anual 2019 de la American Association of Orthodontists para conocer los \u00faltimos avances en ortodoncia\",\"breadcrumb\":{\"@id\":\"https:\\\/\\\/ortodonciabarcelona.com\\\/blog-profesional\\\/asistimos-al-congreso-2019-de-la-american-association-of-orthodontists\\\/#breadcrumb\"},\"inLanguage\":\"es\",\"potentialAction\":[{\"@type\":\"ReadAction\",\"target\":[\"https:\\\/\\\/ortodonciabarcelona.com\\\/blog-profesional\\\/asistimos-al-congreso-2019-de-la-american-association-of-orthodontists\\\/\"]}]},{\"@type\":\"ImageObject\",\"inLanguage\":\"es\",\"@id\":\"https:\\\/\\\/ortodonciabarcelona.com\\\/blog-profesional\\\/asistimos-al-congreso-2019-de-la-american-association-of-orthodontists\\\/#primaryimage\",\"url\":\"https:\\\/\\\/ortodonciabarcelona.com\\\/blog-profesional\\\/wp-content\\\/uploads\\\/2019\\\/05\\\/congreso-American-Association-of-Orthodontists.jpg\",\"contentUrl\":\"https:\\\/\\\/ortodonciabarcelona.com\\\/blog-profesional\\\/wp-content\\\/uploads\\\/2019\\\/05\\\/congreso-American-Association-of-Orthodontists.jpg\",\"width\":700,\"height\":425,\"caption\":\"Logo del Congreso Anual 2019 de la American Association of Orthodontists celebrado del 3 de mayo al 7 de mayo en el Centro de Convenciones de Los \u00c1ngeles\"},{\"@type\":\"BreadcrumbList\",\"@id\":\"https:\\\/\\\/ortodonciabarcelona.com\\\/blog-profesional\\\/asistimos-al-congreso-2019-de-la-american-association-of-orthodontists\\\/#breadcrumb\",\"itemListElement\":[{\"@type\":\"ListItem\",\"position\":1,\"name\":\"Portada\",\"item\":\"https:\\\/\\\/ortodonciabarcelona.com\\\/blog-profesional\\\/\"},{\"@type\":\"ListItem\",\"position\":2,\"name\":\"Asistimos al Congreso 2019 de la American Association of Orthodontists\"}]},{\"@type\":\"WebSite\",\"@id\":\"https:\\\/\\\/ortodonciabarcelona.com\\\/blog-profesional\\\/#website\",\"url\":\"https:\\\/\\\/ortodonciabarcelona.com\\\/blog-profesional\\\/\",\"name\":\"Blog Profesional Ortodoncia Tres Torres\",\"description\":\"Blog profesional sobre ortodoncia\",\"publisher\":{\"@id\":\"https:\\\/\\\/ortodonciabarcelona.com\\\/blog-profesional\\\/#organization\"},\"potentialAction\":[{\"@type\":\"SearchAction\",\"target\":{\"@type\":\"EntryPoint\",\"urlTemplate\":\"https:\\\/\\\/ortodonciabarcelona.com\\\/blog-profesional\\\/?s={search_term_string}\"},\"query-input\":{\"@type\":\"PropertyValueSpecification\",\"valueRequired\":true,\"valueName\":\"search_term_string\"}}],\"inLanguage\":\"es\"},{\"@type\":\"Organization\",\"@id\":\"https:\\\/\\\/ortodonciabarcelona.com\\\/blog-profesional\\\/#organization\",\"name\":\"Blog Profesional Ortodoncia Tres Torres\",\"url\":\"https:\\\/\\\/ortodonciabarcelona.com\\\/blog-profesional\\\/\",\"logo\":{\"@type\":\"ImageObject\",\"inLanguage\":\"es\",\"@id\":\"https:\\\/\\\/ortodonciabarcelona.com\\\/blog-profesional\\\/#\\\/schema\\\/logo\\\/image\\\/\",\"url\":\"https:\\\/\\\/ortodonciabarcelona.com\\\/blog-profesional\\\/wp-content\\\/uploads\\\/2023\\\/05\\\/logo-blog-profesional-vertical.png\",\"contentUrl\":\"https:\\\/\\\/ortodonciabarcelona.com\\\/blog-profesional\\\/wp-content\\\/uploads\\\/2023\\\/05\\\/logo-blog-profesional-vertical.png\",\"width\":253,\"height\":323,\"caption\":\"Blog Profesional Ortodoncia Tres Torres\"},\"image\":{\"@id\":\"https:\\\/\\\/ortodonciabarcelona.com\\\/blog-profesional\\\/#\\\/schema\\\/logo\\\/image\\\/\"}},{\"@type\":\"Person\",\"@id\":\"https:\\\/\\\/ortodonciabarcelona.com\\\/blog-profesional\\\/#\\\/schema\\\/person\\\/6e8f1e4d584209c52f7c939dd0752f33\",\"name\":\"Dr. Fernando de la Iglesia Beyme\",\"image\":{\"@type\":\"ImageObject\",\"inLanguage\":\"es\",\"@id\":\"https:\\\/\\\/secure.gravatar.com\\\/avatar\\\/f556ae41fc83133c68363d54ff867b2e07ec9c9632768f5aa68fda5a3ea4abe8?s=96&d=mm&r=g\",\"url\":\"https:\\\/\\\/secure.gravatar.com\\\/avatar\\\/f556ae41fc83133c68363d54ff867b2e07ec9c9632768f5aa68fda5a3ea4abe8?s=96&d=mm&r=g\",\"contentUrl\":\"https:\\\/\\\/secure.gravatar.com\\\/avatar\\\/f556ae41fc83133c68363d54ff867b2e07ec9c9632768f5aa68fda5a3ea4abe8?s=96&d=mm&r=g\",\"caption\":\"Dr. Fernando de la Iglesia Beyme\"},\"description\":\"Licenciado en Odontolog\u00eda por la Universidad de Barcelona. M\u00e1ster y Doctor en Ortodoncia por la Universidad Internacional de Catalu\u00f1a. Miembro de la Sociedad Espa\u00f1ola de Ortodoncia (SEDO).\",\"sameAs\":[\"https:\\\/\\\/ortodonciabarcelona.com\\\/blog-profesional\\\/dr-fernando-de-la-iglesia\\\/\"]}]}<\/script>\n<!-- \/ Yoast SEO plugin. -->","yoast_head_json":{"title":"Congreso anual 2019 de American Association of Orthodontists","description":"El doctor Fernando de la Iglesia asiste al Congreso Anual 2019 de la American Association of Orthodontists para conocer los \u00faltimos avances en ortodoncia","robots":{"index":"noindex","follow":"nofollow"},"og_locale":"es_ES","og_type":"article","og_title":"Dr. Fernando de la Iglesia en el AAO 2019 de American Association of Orthodontists","og_description":"Dr. Fernando de la Iglesia en el Congreso Anual 2019 2019 de American Association of Orthodontists (AAO)","og_url":"https:\/\/ortodonciabarcelona.com\/blog-profesional\/asistimos-al-congreso-2019-de-la-american-association-of-orthodontists\/","og_site_name":"Blog Profesional Ortodoncia Tres Torres","article_published_time":"2019-05-21T11:09:41+00:00","article_modified_time":"2023-06-01T08:12:40+00:00","og_image":[{"width":700,"height":425,"url":"https:\/\/ortodonciabarcelona.com\/blog-profesional\/wp-content\/uploads\/2019\/05\/congreso-American-Association-of-Orthodontists.jpg","type":"image\/jpeg"}],"author":"Dr. Fernando de la Iglesia Beyme","twitter_misc":{"Escrito por":"Dr. Fernando de la Iglesia Beyme","Tiempo de lectura":"2 minutos"},"schema":{"@context":"https:\/\/schema.org","@graph":[{"@type":"Article","@id":"https:\/\/ortodonciabarcelona.com\/blog-profesional\/asistimos-al-congreso-2019-de-la-american-association-of-orthodontists\/#article","isPartOf":{"@id":"https:\/\/ortodonciabarcelona.com\/blog-profesional\/asistimos-al-congreso-2019-de-la-american-association-of-orthodontists\/"},"author":{"name":"Dr. Fernando de la Iglesia Beyme","@id":"https:\/\/ortodonciabarcelona.com\/blog-profesional\/#\/schema\/person\/6e8f1e4d584209c52f7c939dd0752f33"},"headline":"Asistimos al Congreso 2019 de la American Association of Orthodontists","datePublished":"2019-05-21T11:09:41+00:00","dateModified":"2023-06-01T08:12:40+00:00","mainEntityOfPage":{"@id":"https:\/\/ortodonciabarcelona.com\/blog-profesional\/asistimos-al-congreso-2019-de-la-american-association-of-orthodontists\/"},"wordCount":216,"publisher":{"@id":"https:\/\/ortodonciabarcelona.com\/blog-profesional\/#organization"},"image":{"@id":"https:\/\/ortodonciabarcelona.com\/blog-profesional\/asistimos-al-congreso-2019-de-la-american-association-of-orthodontists\/#primaryimage"},"thumbnailUrl":"https:\/\/ortodonciabarcelona.com\/blog-profesional\/wp-content\/uploads\/2019\/05\/congreso-American-Association-of-Orthodontists.jpg","articleSection":["noticias"],"inLanguage":"es"},{"@type":"WebPage","@id":"https:\/\/ortodonciabarcelona.com\/blog-profesional\/asistimos-al-congreso-2019-de-la-american-association-of-orthodontists\/","url":"https:\/\/ortodonciabarcelona.com\/blog-profesional\/asistimos-al-congreso-2019-de-la-american-association-of-orthodontists\/","name":"Congreso anual 2019 de American Association of Orthodontists","isPartOf":{"@id":"https:\/\/ortodonciabarcelona.com\/blog-profesional\/#website"},"primaryImageOfPage":{"@id":"https:\/\/ortodonciabarcelona.com\/blog-profesional\/asistimos-al-congreso-2019-de-la-american-association-of-orthodontists\/#primaryimage"},"image":{"@id":"https:\/\/ortodonciabarcelona.com\/blog-profesional\/asistimos-al-congreso-2019-de-la-american-association-of-orthodontists\/#primaryimage"},"thumbnailUrl":"https:\/\/ortodonciabarcelona.com\/blog-profesional\/wp-content\/uploads\/2019\/05\/congreso-American-Association-of-Orthodontists.jpg","datePublished":"2019-05-21T11:09:41+00:00","dateModified":"2023-06-01T08:12:40+00:00","description":"El doctor Fernando de la Iglesia asiste al Congreso Anual 2019 de la American Association of Orthodontists para conocer los \u00faltimos avances en ortodoncia","breadcrumb":{"@id":"https:\/\/ortodonciabarcelona.com\/blog-profesional\/asistimos-al-congreso-2019-de-la-american-association-of-orthodontists\/#breadcrumb"},"inLanguage":"es","potentialAction":[{"@type":"ReadAction","target":["https:\/\/ortodonciabarcelona.com\/blog-profesional\/asistimos-al-congreso-2019-de-la-american-association-of-orthodontists\/"]}]},{"@type":"ImageObject","inLanguage":"es","@id":"https:\/\/ortodonciabarcelona.com\/blog-profesional\/asistimos-al-congreso-2019-de-la-american-association-of-orthodontists\/#primaryimage","url":"https:\/\/ortodonciabarcelona.com\/blog-profesional\/wp-content\/uploads\/2019\/05\/congreso-American-Association-of-Orthodontists.jpg","contentUrl":"https:\/\/ortodonciabarcelona.com\/blog-profesional\/wp-content\/uploads\/2019\/05\/congreso-American-Association-of-Orthodontists.jpg","width":700,"height":425,"caption":"Logo del Congreso Anual 2019 de la American Association of Orthodontists celebrado del 3 de mayo al 7 de mayo en el Centro de Convenciones de Los \u00c1ngeles"},{"@type":"BreadcrumbList","@id":"https:\/\/ortodonciabarcelona.com\/blog-profesional\/asistimos-al-congreso-2019-de-la-american-association-of-orthodontists\/#breadcrumb","itemListElement":[{"@type":"ListItem","position":1,"name":"Portada","item":"https:\/\/ortodonciabarcelona.com\/blog-profesional\/"},{"@type":"ListItem","position":2,"name":"Asistimos al Congreso 2019 de la American Association of Orthodontists"}]},{"@type":"WebSite","@id":"https:\/\/ortodonciabarcelona.com\/blog-profesional\/#website","url":"https:\/\/ortodonciabarcelona.com\/blog-profesional\/","name":"Blog Profesional Ortodoncia Tres Torres","description":"Blog profesional sobre ortodoncia","publisher":{"@id":"https:\/\/ortodonciabarcelona.com\/blog-profesional\/#organization"},"potentialAction":[{"@type":"SearchAction","target":{"@type":"EntryPoint","urlTemplate":"https:\/\/ortodonciabarcelona.com\/blog-profesional\/?s={search_term_string}"},"query-input":{"@type":"PropertyValueSpecification","valueRequired":true,"valueName":"search_term_string"}}],"inLanguage":"es"},{"@type":"Organization","@id":"https:\/\/ortodonciabarcelona.com\/blog-profesional\/#organization","name":"Blog Profesional Ortodoncia Tres Torres","url":"https:\/\/ortodonciabarcelona.com\/blog-profesional\/","logo":{"@type":"ImageObject","inLanguage":"es","@id":"https:\/\/ortodonciabarcelona.com\/blog-profesional\/#\/schema\/logo\/image\/","url":"https:\/\/ortodonciabarcelona.com\/blog-profesional\/wp-content\/uploads\/2023\/05\/logo-blog-profesional-vertical.png","contentUrl":"https:\/\/ortodonciabarcelona.com\/blog-profesional\/wp-content\/uploads\/2023\/05\/logo-blog-profesional-vertical.png","width":253,"height":323,"caption":"Blog Profesional Ortodoncia Tres Torres"},"image":{"@id":"https:\/\/ortodonciabarcelona.com\/blog-profesional\/#\/schema\/logo\/image\/"}},{"@type":"Person","@id":"https:\/\/ortodonciabarcelona.com\/blog-profesional\/#\/schema\/person\/6e8f1e4d584209c52f7c939dd0752f33","name":"Dr. Fernando de la Iglesia Beyme","image":{"@type":"ImageObject","inLanguage":"es","@id":"https:\/\/secure.gravatar.com\/avatar\/f556ae41fc83133c68363d54ff867b2e07ec9c9632768f5aa68fda5a3ea4abe8?s=96&d=mm&r=g","url":"https:\/\/secure.gravatar.com\/avatar\/f556ae41fc83133c68363d54ff867b2e07ec9c9632768f5aa68fda5a3ea4abe8?s=96&d=mm&r=g","contentUrl":"https:\/\/secure.gravatar.com\/avatar\/f556ae41fc83133c68363d54ff867b2e07ec9c9632768f5aa68fda5a3ea4abe8?s=96&d=mm&r=g","caption":"Dr. Fernando de la Iglesia Beyme"},"description":"Licenciado en Odontolog\u00eda por la Universidad de Barcelona. M\u00e1ster y Doctor en Ortodoncia por la Universidad Internacional de Catalu\u00f1a. Miembro de la Sociedad Espa\u00f1ola de Ortodoncia (SEDO).","sameAs":["https:\/\/ortodonciabarcelona.com\/blog-profesional\/dr-fernando-de-la-iglesia\/"]}]}},"_links":{"self":[{"href":"https:\/\/ortodonciabarcelona.com\/blog-profesional\/wp-json\/wp\/v2\/posts\/1374","targetHints":{"allow":["GET"]}}],"collection":[{"href":"https:\/\/ortodonciabarcelona.com\/blog-profesional\/wp-json\/wp\/v2\/posts"}],"about":[{"href":"https:\/\/ortodonciabarcelona.com\/blog-profesional\/wp-json\/wp\/v2\/types\/post"}],"author":[{"embeddable":true,"href":"https:\/\/ortodonciabarcelona.com\/blog-profesional\/wp-json\/wp\/v2\/users\/2"}],"replies":[{"embeddable":true,"href":"https:\/\/ortodonciabarcelona.com\/blog-profesional\/wp-json\/wp\/v2\/comments?post=1374"}],"version-history":[{"count":8,"href":"https:\/\/ortodonciabarcelona.com\/blog-profesional\/wp-json\/wp\/v2\/posts\/1374\/revisions"}],"predecessor-version":[{"id":1388,"href":"https:\/\/ortodonciabarcelona.com\/blog-profesional\/wp-json\/wp\/v2\/posts\/1374\/revisions\/1388"}],"wp:featuredmedia":[{"embeddable":true,"href":"https:\/\/ortodonciabarcelona.com\/blog-profesional\/wp-json\/wp\/v2\/media\/1376"}],"wp:attachment":[{"href":"https:\/\/ortodonciabarcelona.com\/blog-profesional\/wp-json\/wp\/v2\/media?parent=1374"}],"wp:term":[{"taxonomy":"category","embeddable":true,"href":"https:\/\/ortodonciabarcelona.com\/blog-profesional\/wp-json\/wp\/v2\/categories?post=1374"},{"taxonomy":"post_tag","embeddable":true,"href":"https:\/\/ortodonciabarcelona.com\/blog-profesional\/wp-json\/wp\/v2\/tags?post=1374"}],"curies":[{"name":"wp","href":"https:\/\/api.w.org\/{rel}","templated":true}]}}