{"id":1362,"date":"2019-05-08T08:53:55","date_gmt":"2019-05-08T08:53:55","guid":{"rendered":"https:\/\/ortodonciabarcelona.com\/blog-profesional\/?p=1362"},"modified":"2019-08-29T11:25:00","modified_gmt":"2019-08-29T11:25:00","slug":"microtornillos-de-ortodoncia","status":"publish","type":"post","link":"https:\/\/ortodonciabarcelona.com\/blog-profesional\/microtornillos-de-ortodoncia\/","title":{"rendered":"Microtornillos de ortodoncia"},"content":{"rendered":"<p>Como explicamos en nuestra <a href=\"https:\/\/ortodonciabarcelona.com\/blog-profesional\/utilidad-de-los-microtornillos-en-ortodoncia\/\" rel=\"nofollow\">publicaci\u00f3n sobre la utilidad de los microtornillos en ortodoncia<\/a>, los <strong>microtornillos de ortodoncia<\/strong> son unos peque\u00f1os tornillos que se utilizan de forma temporal para ayudar a realizar algunos movimientos m\u00e1s complejos. Est\u00e1n hechos a partir de una aleaci\u00f3n de titanio tipo 5 que no se osteointegra, es decir, no se une al hueso como los implantes convencionales.<br \/>\nEn Ortodoncia Tres Torres, expertos en <a href=\"https:\/\/www.ortodonciabarcelona.com\"><strong>ortodoncia en Barcelona<\/strong><\/a>, primero de todo se deben tomar los registros iniciales pertinentes. Principalmente, se necesitan unas radiograf\u00edas recientes y unas fotograf\u00edas.<\/p>\n<h2>Diagn\u00f3stico para el tratamiento de ortodoncia con microtornillos<\/h2>\n<p>La ortopantomograf\u00eda y la telerradiograf\u00eda son dos tipos de radiograf\u00edas que nos sirven de gran utilidad para el diagn\u00f3stico y para analizar la viabilidad de los microtornillos de ortodoncia:<\/p>\n<ul>\n<li>La ortopantomograf\u00eda nos aporta una visi\u00f3n frontal que nos permite ver c\u00f3mo est\u00e1n las ra\u00edces colocadas dentro del hueso y su distancia entre ellas.<\/li>\n<li>La telerradiograf\u00eda nos permite ver las inclinaciones en sentido antero-posterior, ya que es una radiograf\u00eda tomada de perfil.<\/li>\n<\/ul>\n<p>Las fotograf\u00edas que se toman son del interior de la boca y de los rasgos faciales.<\/p>\n<p>Con estos registros y la exploraci\u00f3n del ortodoncista, se realiza un diagn\u00f3stico. A partir del diagn\u00f3stico, se establece un plan de tratamiento que es donde se determina si se requiere o no el uso de microtornillos. En el caso de que as\u00ed sea, hay que estudiar en qu\u00e9 lugar se han de colocar los microtornillos de ortodoncia y si es necesario m\u00e1s de uno. Esto depende del movimiento que se va a realizar y de las condiciones anat\u00f3micas del paciente: distancia entre ra\u00edces, el hueso\u2026<\/p>\n<h2>T\u00e9cnicas de colocaci\u00f3n del microtornillo de ortodoncia<\/h2>\n<div class=\"wp-playlist wp-video-playlist wp-playlist-light\">\n\t\t<video controls=\"controls\" preload=\"none\" width=\"1178\"\n\t\t height=\"667\"\t><\/video>\n\t<div class=\"wp-playlist-next\"><\/div>\n\t<div class=\"wp-playlist-prev\"><\/div>\n\t<noscript>\n\t<ol>\n\t\t<li><a data-rel=\"iLightbox[postimages]\" data-title=\"El Dr. Fernando de la Iglesia te muestra c\u00f3mo colocar un microtornillo de ortodoncia con la t\u00e9cnica manual\" data-caption=\"\" href='https:\/\/ortodonciabarcelona.com\/blog-profesional\/wp-content\/uploads\/2019\/05\/microtornillo-ortodoncia-colocacion-manual.mp4'>El Dr. Fernando de la Iglesia te muestra c\u00f3mo colocar un microtornillo de ortodoncia con la t\u00e9cnica manual<\/a><\/li>\t<\/ol>\n\t<\/noscript>\n\t<script type=\"application\/json\" class=\"wp-playlist-script\">{\"type\":\"video\",\"tracklist\":true,\"tracknumbers\":true,\"images\":true,\"artists\":true,\"tracks\":[{\"src\":\"https:\/\/ortodonciabarcelona.com\/blog-profesional\/wp-content\/uploads\/2019\/05\/microtornillo-ortodoncia-colocacion-manual.mp4\",\"type\":\"video\/mp4\",\"title\":\"El Dr. Fernando de la Iglesia te muestra c\\u00f3mo colocar un microtornillo de ortodoncia con la t\\u00e9cnica manual\",\"caption\":\"\",\"description\":\"Colocaci\\u00f3n manual del microtornillo de ortodoncia por el Dr. Fernando de la Iglesia \",\"meta\":{\"length_formatted\":\"0:36\"},\"dimensions\":{\"original\":{\"width\":848,\"height\":480},\"resized\":{\"width\":1178,\"height\":667}},\"image\":{\"src\":\"https:\/\/ortodonciabarcelona.com\/blog-profesional\/wp-includes\/images\/media\/video.svg\",\"width\":48,\"height\":64},\"thumb\":{\"src\":\"https:\/\/ortodonciabarcelona.com\/blog-profesional\/wp-includes\/images\/media\/video.svg\",\"width\":48,\"height\":64}}]}<\/script>\n<\/div>\n\t\n<ul>\n<li style=\"list-style-type: none;\">\n<ul>\n<ul>Cuando ya sabemos d\u00f3nde hay que colocarlos, hay que determinar con qu\u00e9 t\u00e9cnica de<\/ul>\n<\/ul>\n<p><strong>colocaci\u00f3n de microtornillos de ortodoncia\u00a0<\/strong><\/p>\n<ul>es la m\u00e1s apropiada. Existen dos formas: una es manual y la otra asistida con micromotor o contr\u00e1ngulo.<\/ul>\n<\/li>\n<\/ul>\n<ul>\n<li>La forma manual se realiza mediante un mango y un v\u00e1stago a trav\u00e9s del cual el ortodoncista sostiene el microtonillo de forma precisa para poder colocarlo en el lugar deseado y realizar el movimiento para su inserci\u00f3n.<\/li>\n<li>La forma asistida mediante micromotor se realiza con un instrumento que tambi\u00e9n sostiene el microtornillo y que el ortodoncista deber\u00e1 colocar en el lugar deseado, pero en este caso, el movimiento es autom\u00e1tico.<\/li>\n<\/ul>\n<p>La presi\u00f3n que se debe aplicar durante la colocaci\u00f3n del microtornillo de ortodoncia debe ser de una intensidad baja y constante &lt;20 Newtons.<\/p>\n<p>Antes de colocarlo, se pone un poco de anestesia en la zona donde se va a colocar para evitar las molestias. Es un procedimiento ambulatorio, que se realiza en el mismo sill\u00f3n donde se pasan las revisiones. Desde el d\u00eda de su colocaci\u00f3n se puede hacer vida normal y empezar a utilizarlo.<\/p>\n<p>El <strong>microtornillo de ortodoncia<\/strong> permanece en la boca colocado hasta que ya no sea necesario. Para retirarlo, generalmente, no es necesario colocar anestesia y se realiza de manera sencilla desenrosc\u00e1ndolo.<\/p>\n<p>Hay que tener en cuenta que hay algunos cuidados sencillos pero necesarios para su mantenimiento, sobre todo para evitar molestias si se produce inflamaci\u00f3n y tambi\u00e9n para evitar que se caiga. Por ello, la higiene es fundamental. Se debe utilizar un cepillo de cerdas blandas y gel o enjuagues de clorhexidina.<\/p>\n<p>En caso de que aparezcan rozaduras en la mucosa que est\u00e1 en contacto con el <strong>microtornillos de ortodoncia,<\/strong> que suele ocurrir los primeros d\u00edas, se puede utilizar cera de ortodoncia protectora. Si hubiese molestias se pueden recetar analg\u00e9sicos 24-48 horas tras su implantaci\u00f3n.<\/p>\n\n\n<div class=\"kk-star-ratings kksr-auto kksr-align-left kksr-valign-bottom\"\n    data-payload='{&quot;align&quot;:&quot;left&quot;,&quot;id&quot;:&quot;1362&quot;,&quot;slug&quot;:&quot;default&quot;,&quot;valign&quot;:&quot;bottom&quot;,&quot;ignore&quot;:&quot;&quot;,&quot;reference&quot;:&quot;auto&quot;,&quot;class&quot;:&quot;&quot;,&quot;count&quot;:&quot;2&quot;,&quot;legendonly&quot;:&quot;&quot;,&quot;readonly&quot;:&quot;&quot;,&quot;score&quot;:&quot;3&quot;,&quot;starsonly&quot;:&quot;&quot;,&quot;best&quot;:&quot;5&quot;,&quot;gap&quot;:&quot;5&quot;,&quot;greet&quot;:&quot;Punt\u00faa este post&quot;,&quot;legend&quot;:&quot;3\\\/5 - (2 votos)&quot;,&quot;size&quot;:&quot;24&quot;,&quot;title&quot;:&quot;Microtornillos de ortodoncia&quot;,&quot;width&quot;:&quot;84.5&quot;,&quot;_legend&quot;:&quot;{score}\\\/{best} - ({count} {votes})&quot;,&quot;font_factor&quot;:&quot;1.25&quot;}'>\n            \n<div class=\"kksr-stars\">\n    \n<div class=\"kksr-stars-inactive\">\n            <div class=\"kksr-star\" data-star=\"1\" style=\"padding-right: 5px\">\n            \n\n<div class=\"kksr-icon\" style=\"width: 24px; height: 24px;\"><\/div>\n        <\/div>\n            <div class=\"kksr-star\" data-star=\"2\" style=\"padding-right: 5px\">\n            \n\n<div class=\"kksr-icon\" style=\"width: 24px; height: 24px;\"><\/div>\n        <\/div>\n            <div class=\"kksr-star\" data-star=\"3\" style=\"padding-right: 5px\">\n            \n\n<div class=\"kksr-icon\" style=\"width: 24px; height: 24px;\"><\/div>\n        <\/div>\n            <div class=\"kksr-star\" data-star=\"4\" style=\"padding-right: 5px\">\n            \n\n<div class=\"kksr-icon\" style=\"width: 24px; height: 24px;\"><\/div>\n        <\/div>\n            <div class=\"kksr-star\" data-star=\"5\" style=\"padding-right: 5px\">\n            \n\n<div class=\"kksr-icon\" style=\"width: 24px; height: 24px;\"><\/div>\n        <\/div>\n    <\/div>\n    \n<div class=\"kksr-stars-active\" style=\"width: 84.5px;\">\n            <div class=\"kksr-star\" style=\"padding-right: 5px\">\n            \n\n<div class=\"kksr-icon\" style=\"width: 24px; height: 24px;\"><\/div>\n        <\/div>\n            <div class=\"kksr-star\" style=\"padding-right: 5px\">\n            \n\n<div class=\"kksr-icon\" style=\"width: 24px; height: 24px;\"><\/div>\n        <\/div>\n            <div class=\"kksr-star\" style=\"padding-right: 5px\">\n            \n\n<div class=\"kksr-icon\" style=\"width: 24px; height: 24px;\"><\/div>\n        <\/div>\n            <div class=\"kksr-star\" style=\"padding-right: 5px\">\n            \n\n<div class=\"kksr-icon\" style=\"width: 24px; height: 24px;\"><\/div>\n        <\/div>\n            <div class=\"kksr-star\" style=\"padding-right: 5px\">\n            \n\n<div class=\"kksr-icon\" style=\"width: 24px; height: 24px;\"><\/div>\n        <\/div>\n    <\/div>\n<\/div>\n                \n\n<div class=\"kksr-legend\" style=\"font-size: 19.2px;\">\n            3\/5 - (2 votos)    <\/div>\n    <\/div>\n","protected":false},"excerpt":{"rendered":"<p>Como explicamos en nuestra publicaci\u00f3n sobre la utilidad de los  [&#8230;]<\/p>\n","protected":false},"author":2,"featured_media":1369,"comment_status":"closed","ping_status":"closed","sticky":false,"template":"","format":"standard","meta":{"footnotes":""},"categories":[3],"tags":[],"class_list":["post-1362","post","type-post","status-publish","format-standard","has-post-thumbnail","hentry","category-ortodoncia"],"yoast_head":"<!-- This site is optimized with the Yoast SEO plugin v27.3 - https:\/\/yoast.com\/product\/yoast-seo-wordpress\/ -->\n<title>Microtornillos de ortodoncia por Dr. Fernando de la Iglesia<\/title>\n<meta name=\"description\" content=\"Art\u00edculo sobre microtornillos de ortodoncia del doctor Fernando de la Iglesia abordando aspectos como diagn\u00f3stico y t\u00e9cnicas de colocaci\u00f3n del microtornillo\" \/>\n<meta name=\"robots\" content=\"index, follow, max-snippet:-1, max-image-preview:large, max-video-preview:-1\" \/>\n<link rel=\"canonical\" href=\"https:\/\/ortodonciabarcelona.com\/blog-profesional\/wp-json\/wp\/v2\/posts\/1362\" \/>\n<meta property=\"og:locale\" content=\"es_ES\" \/>\n<meta property=\"og:type\" content=\"article\" \/>\n<meta property=\"og:title\" content=\"Dr. Fernando de la Iglesia: microtornillos de ortodoncia\" \/>\n<meta property=\"og:description\" content=\"Art\u00edculo del Dr. Fernando de la Iglesia sobre microtornillos de ortodoncia y las t\u00e9cnicas de colocaci\u00f3n del microtornillo\" \/>\n<meta property=\"og:url\" content=\"https:\/\/ortodonciabarcelona.com\/blog-profesional\/microtornillos-de-ortodoncia\/\" \/>\n<meta property=\"og:site_name\" content=\"Blog Profesional Ortodoncia Tres Torres\" \/>\n<meta property=\"article:published_time\" content=\"2019-05-08T08:53:55+00:00\" \/>\n<meta property=\"article:modified_time\" content=\"2019-08-29T11:25:00+00:00\" \/>\n<meta property=\"og:image\" content=\"https:\/\/ortodonciabarcelona.com\/blog-profesional\/wp-content\/uploads\/2019\/05\/microtornillo-de-ortodoncia-colocacion.jpg\" \/>\n\t<meta property=\"og:image:width\" content=\"700\" \/>\n\t<meta property=\"og:image:height\" content=\"425\" \/>\n\t<meta property=\"og:image:type\" content=\"image\/jpeg\" \/>\n<meta name=\"author\" content=\"Dr. Fernando de la Iglesia Beyme\" \/>\n<meta name=\"twitter:label1\" content=\"Escrito por\" \/>\n\t<meta name=\"twitter:data1\" content=\"Dr. Fernando de la Iglesia Beyme\" \/>\n\t<meta name=\"twitter:label2\" content=\"Tiempo de lectura\" \/>\n\t<meta name=\"twitter:data2\" content=\"3 minutos\" \/>\n<script type=\"application\/ld+json\" class=\"yoast-schema-graph\">{\"@context\":\"https:\\\/\\\/schema.org\",\"@graph\":[{\"@type\":\"Article\",\"@id\":\"https:\\\/\\\/ortodonciabarcelona.com\\\/blog-profesional\\\/microtornillos-de-ortodoncia\\\/#article\",\"isPartOf\":{\"@id\":\"https:\\\/\\\/ortodonciabarcelona.com\\\/blog-profesional\\\/microtornillos-de-ortodoncia\\\/\"},\"author\":{\"name\":\"Dr. Fernando de la Iglesia Beyme\",\"@id\":\"https:\\\/\\\/ortodonciabarcelona.com\\\/blog-profesional\\\/#\\\/schema\\\/person\\\/6e8f1e4d584209c52f7c939dd0752f33\"},\"headline\":\"Microtornillos de ortodoncia\",\"datePublished\":\"2019-05-08T08:53:55+00:00\",\"dateModified\":\"2019-08-29T11:25:00+00:00\",\"mainEntityOfPage\":{\"@id\":\"https:\\\/\\\/ortodonciabarcelona.com\\\/blog-profesional\\\/microtornillos-de-ortodoncia\\\/\"},\"wordCount\":637,\"publisher\":{\"@id\":\"https:\\\/\\\/ortodonciabarcelona.com\\\/blog-profesional\\\/#organization\"},\"image\":{\"@id\":\"https:\\\/\\\/ortodonciabarcelona.com\\\/blog-profesional\\\/microtornillos-de-ortodoncia\\\/#primaryimage\"},\"thumbnailUrl\":\"https:\\\/\\\/ortodonciabarcelona.com\\\/blog-profesional\\\/wp-content\\\/uploads\\\/2019\\\/05\\\/microtornillo-de-ortodoncia-colocacion.jpg\",\"articleSection\":[\"ortodoncia\"],\"inLanguage\":\"es\"},{\"@type\":\"WebPage\",\"@id\":\"https:\\\/\\\/ortodonciabarcelona.com\\\/blog-profesional\\\/microtornillos-de-ortodoncia\\\/\",\"url\":\"https:\\\/\\\/ortodonciabarcelona.com\\\/blog-profesional\\\/microtornillos-de-ortodoncia\\\/\",\"name\":\"Microtornillos de ortodoncia por Dr. Fernando de la Iglesia\",\"isPartOf\":{\"@id\":\"https:\\\/\\\/ortodonciabarcelona.com\\\/blog-profesional\\\/#website\"},\"primaryImageOfPage\":{\"@id\":\"https:\\\/\\\/ortodonciabarcelona.com\\\/blog-profesional\\\/microtornillos-de-ortodoncia\\\/#primaryimage\"},\"image\":{\"@id\":\"https:\\\/\\\/ortodonciabarcelona.com\\\/blog-profesional\\\/microtornillos-de-ortodoncia\\\/#primaryimage\"},\"thumbnailUrl\":\"https:\\\/\\\/ortodonciabarcelona.com\\\/blog-profesional\\\/wp-content\\\/uploads\\\/2019\\\/05\\\/microtornillo-de-ortodoncia-colocacion.jpg\",\"datePublished\":\"2019-05-08T08:53:55+00:00\",\"dateModified\":\"2019-08-29T11:25:00+00:00\",\"description\":\"Art\u00edculo sobre microtornillos de ortodoncia del doctor Fernando de la Iglesia abordando aspectos como diagn\u00f3stico y t\u00e9cnicas de colocaci\u00f3n del microtornillo\",\"breadcrumb\":{\"@id\":\"https:\\\/\\\/ortodonciabarcelona.com\\\/blog-profesional\\\/microtornillos-de-ortodoncia\\\/#breadcrumb\"},\"inLanguage\":\"es\",\"potentialAction\":[{\"@type\":\"ReadAction\",\"target\":[\"https:\\\/\\\/ortodonciabarcelona.com\\\/blog-profesional\\\/microtornillos-de-ortodoncia\\\/\"]}]},{\"@type\":\"ImageObject\",\"inLanguage\":\"es\",\"@id\":\"https:\\\/\\\/ortodonciabarcelona.com\\\/blog-profesional\\\/microtornillos-de-ortodoncia\\\/#primaryimage\",\"url\":\"https:\\\/\\\/ortodonciabarcelona.com\\\/blog-profesional\\\/wp-content\\\/uploads\\\/2019\\\/05\\\/microtornillo-de-ortodoncia-colocacion.jpg\",\"contentUrl\":\"https:\\\/\\\/ortodonciabarcelona.com\\\/blog-profesional\\\/wp-content\\\/uploads\\\/2019\\\/05\\\/microtornillo-de-ortodoncia-colocacion.jpg\",\"width\":700,\"height\":425,\"caption\":\"Colocaci\u00f3n manual del microtornillo de ortodoncia por el Dr. Fernando de la Iglesia\"},{\"@type\":\"BreadcrumbList\",\"@id\":\"https:\\\/\\\/ortodonciabarcelona.com\\\/blog-profesional\\\/microtornillos-de-ortodoncia\\\/#breadcrumb\",\"itemListElement\":[{\"@type\":\"ListItem\",\"position\":1,\"name\":\"Portada\",\"item\":\"https:\\\/\\\/ortodonciabarcelona.com\\\/blog-profesional\\\/\"},{\"@type\":\"ListItem\",\"position\":2,\"name\":\"Microtornillos de ortodoncia\"}]},{\"@type\":\"WebSite\",\"@id\":\"https:\\\/\\\/ortodonciabarcelona.com\\\/blog-profesional\\\/#website\",\"url\":\"https:\\\/\\\/ortodonciabarcelona.com\\\/blog-profesional\\\/\",\"name\":\"Blog Profesional Ortodoncia Tres Torres\",\"description\":\"Blog profesional sobre ortodoncia\",\"publisher\":{\"@id\":\"https:\\\/\\\/ortodonciabarcelona.com\\\/blog-profesional\\\/#organization\"},\"potentialAction\":[{\"@type\":\"SearchAction\",\"target\":{\"@type\":\"EntryPoint\",\"urlTemplate\":\"https:\\\/\\\/ortodonciabarcelona.com\\\/blog-profesional\\\/?s={search_term_string}\"},\"query-input\":{\"@type\":\"PropertyValueSpecification\",\"valueRequired\":true,\"valueName\":\"search_term_string\"}}],\"inLanguage\":\"es\"},{\"@type\":\"Organization\",\"@id\":\"https:\\\/\\\/ortodonciabarcelona.com\\\/blog-profesional\\\/#organization\",\"name\":\"Blog Profesional Ortodoncia Tres Torres\",\"url\":\"https:\\\/\\\/ortodonciabarcelona.com\\\/blog-profesional\\\/\",\"logo\":{\"@type\":\"ImageObject\",\"inLanguage\":\"es\",\"@id\":\"https:\\\/\\\/ortodonciabarcelona.com\\\/blog-profesional\\\/#\\\/schema\\\/logo\\\/image\\\/\",\"url\":\"https:\\\/\\\/ortodonciabarcelona.com\\\/blog-profesional\\\/wp-content\\\/uploads\\\/2023\\\/05\\\/logo-blog-profesional-vertical.png\",\"contentUrl\":\"https:\\\/\\\/ortodonciabarcelona.com\\\/blog-profesional\\\/wp-content\\\/uploads\\\/2023\\\/05\\\/logo-blog-profesional-vertical.png\",\"width\":253,\"height\":323,\"caption\":\"Blog Profesional Ortodoncia Tres Torres\"},\"image\":{\"@id\":\"https:\\\/\\\/ortodonciabarcelona.com\\\/blog-profesional\\\/#\\\/schema\\\/logo\\\/image\\\/\"}},{\"@type\":\"Person\",\"@id\":\"https:\\\/\\\/ortodonciabarcelona.com\\\/blog-profesional\\\/#\\\/schema\\\/person\\\/6e8f1e4d584209c52f7c939dd0752f33\",\"name\":\"Dr. Fernando de la Iglesia Beyme\",\"image\":{\"@type\":\"ImageObject\",\"inLanguage\":\"es\",\"@id\":\"https:\\\/\\\/secure.gravatar.com\\\/avatar\\\/f556ae41fc83133c68363d54ff867b2e07ec9c9632768f5aa68fda5a3ea4abe8?s=96&d=mm&r=g\",\"url\":\"https:\\\/\\\/secure.gravatar.com\\\/avatar\\\/f556ae41fc83133c68363d54ff867b2e07ec9c9632768f5aa68fda5a3ea4abe8?s=96&d=mm&r=g\",\"contentUrl\":\"https:\\\/\\\/secure.gravatar.com\\\/avatar\\\/f556ae41fc83133c68363d54ff867b2e07ec9c9632768f5aa68fda5a3ea4abe8?s=96&d=mm&r=g\",\"caption\":\"Dr. Fernando de la Iglesia Beyme\"},\"description\":\"Licenciado en Odontolog\u00eda por la Universidad de Barcelona. M\u00e1ster y Doctor en Ortodoncia por la Universidad Internacional de Catalu\u00f1a. Miembro de la Sociedad Espa\u00f1ola de Ortodoncia (SEDO).\",\"sameAs\":[\"https:\\\/\\\/ortodonciabarcelona.com\\\/blog-profesional\\\/dr-fernando-de-la-iglesia\\\/\"]}]}<\/script>\n<!-- \/ Yoast SEO plugin. -->","yoast_head_json":{"title":"Microtornillos de ortodoncia por Dr. Fernando de la Iglesia","description":"Art\u00edculo sobre microtornillos de ortodoncia del doctor Fernando de la Iglesia abordando aspectos como diagn\u00f3stico y t\u00e9cnicas de colocaci\u00f3n del microtornillo","robots":{"index":"index","follow":"follow","max-snippet":"max-snippet:-1","max-image-preview":"max-image-preview:large","max-video-preview":"max-video-preview:-1"},"canonical":"https:\/\/ortodonciabarcelona.com\/blog-profesional\/wp-json\/wp\/v2\/posts\/1362","og_locale":"es_ES","og_type":"article","og_title":"Dr. Fernando de la Iglesia: microtornillos de ortodoncia","og_description":"Art\u00edculo del Dr. Fernando de la Iglesia sobre microtornillos de ortodoncia y las t\u00e9cnicas de colocaci\u00f3n del microtornillo","og_url":"https:\/\/ortodonciabarcelona.com\/blog-profesional\/microtornillos-de-ortodoncia\/","og_site_name":"Blog Profesional Ortodoncia Tres Torres","article_published_time":"2019-05-08T08:53:55+00:00","article_modified_time":"2019-08-29T11:25:00+00:00","og_image":[{"width":700,"height":425,"url":"https:\/\/ortodonciabarcelona.com\/blog-profesional\/wp-content\/uploads\/2019\/05\/microtornillo-de-ortodoncia-colocacion.jpg","type":"image\/jpeg"}],"author":"Dr. Fernando de la Iglesia Beyme","twitter_misc":{"Escrito por":"Dr. Fernando de la Iglesia Beyme","Tiempo de lectura":"3 minutos"},"schema":{"@context":"https:\/\/schema.org","@graph":[{"@type":"Article","@id":"https:\/\/ortodonciabarcelona.com\/blog-profesional\/microtornillos-de-ortodoncia\/#article","isPartOf":{"@id":"https:\/\/ortodonciabarcelona.com\/blog-profesional\/microtornillos-de-ortodoncia\/"},"author":{"name":"Dr. Fernando de la Iglesia Beyme","@id":"https:\/\/ortodonciabarcelona.com\/blog-profesional\/#\/schema\/person\/6e8f1e4d584209c52f7c939dd0752f33"},"headline":"Microtornillos de ortodoncia","datePublished":"2019-05-08T08:53:55+00:00","dateModified":"2019-08-29T11:25:00+00:00","mainEntityOfPage":{"@id":"https:\/\/ortodonciabarcelona.com\/blog-profesional\/microtornillos-de-ortodoncia\/"},"wordCount":637,"publisher":{"@id":"https:\/\/ortodonciabarcelona.com\/blog-profesional\/#organization"},"image":{"@id":"https:\/\/ortodonciabarcelona.com\/blog-profesional\/microtornillos-de-ortodoncia\/#primaryimage"},"thumbnailUrl":"https:\/\/ortodonciabarcelona.com\/blog-profesional\/wp-content\/uploads\/2019\/05\/microtornillo-de-ortodoncia-colocacion.jpg","articleSection":["ortodoncia"],"inLanguage":"es"},{"@type":"WebPage","@id":"https:\/\/ortodonciabarcelona.com\/blog-profesional\/microtornillos-de-ortodoncia\/","url":"https:\/\/ortodonciabarcelona.com\/blog-profesional\/microtornillos-de-ortodoncia\/","name":"Microtornillos de ortodoncia por Dr. Fernando de la Iglesia","isPartOf":{"@id":"https:\/\/ortodonciabarcelona.com\/blog-profesional\/#website"},"primaryImageOfPage":{"@id":"https:\/\/ortodonciabarcelona.com\/blog-profesional\/microtornillos-de-ortodoncia\/#primaryimage"},"image":{"@id":"https:\/\/ortodonciabarcelona.com\/blog-profesional\/microtornillos-de-ortodoncia\/#primaryimage"},"thumbnailUrl":"https:\/\/ortodonciabarcelona.com\/blog-profesional\/wp-content\/uploads\/2019\/05\/microtornillo-de-ortodoncia-colocacion.jpg","datePublished":"2019-05-08T08:53:55+00:00","dateModified":"2019-08-29T11:25:00+00:00","description":"Art\u00edculo sobre microtornillos de ortodoncia del doctor Fernando de la Iglesia abordando aspectos como diagn\u00f3stico y t\u00e9cnicas de colocaci\u00f3n del microtornillo","breadcrumb":{"@id":"https:\/\/ortodonciabarcelona.com\/blog-profesional\/microtornillos-de-ortodoncia\/#breadcrumb"},"inLanguage":"es","potentialAction":[{"@type":"ReadAction","target":["https:\/\/ortodonciabarcelona.com\/blog-profesional\/microtornillos-de-ortodoncia\/"]}]},{"@type":"ImageObject","inLanguage":"es","@id":"https:\/\/ortodonciabarcelona.com\/blog-profesional\/microtornillos-de-ortodoncia\/#primaryimage","url":"https:\/\/ortodonciabarcelona.com\/blog-profesional\/wp-content\/uploads\/2019\/05\/microtornillo-de-ortodoncia-colocacion.jpg","contentUrl":"https:\/\/ortodonciabarcelona.com\/blog-profesional\/wp-content\/uploads\/2019\/05\/microtornillo-de-ortodoncia-colocacion.jpg","width":700,"height":425,"caption":"Colocaci\u00f3n manual del microtornillo de ortodoncia por el Dr. Fernando de la Iglesia"},{"@type":"BreadcrumbList","@id":"https:\/\/ortodonciabarcelona.com\/blog-profesional\/microtornillos-de-ortodoncia\/#breadcrumb","itemListElement":[{"@type":"ListItem","position":1,"name":"Portada","item":"https:\/\/ortodonciabarcelona.com\/blog-profesional\/"},{"@type":"ListItem","position":2,"name":"Microtornillos de ortodoncia"}]},{"@type":"WebSite","@id":"https:\/\/ortodonciabarcelona.com\/blog-profesional\/#website","url":"https:\/\/ortodonciabarcelona.com\/blog-profesional\/","name":"Blog Profesional Ortodoncia Tres Torres","description":"Blog profesional sobre ortodoncia","publisher":{"@id":"https:\/\/ortodonciabarcelona.com\/blog-profesional\/#organization"},"potentialAction":[{"@type":"SearchAction","target":{"@type":"EntryPoint","urlTemplate":"https:\/\/ortodonciabarcelona.com\/blog-profesional\/?s={search_term_string}"},"query-input":{"@type":"PropertyValueSpecification","valueRequired":true,"valueName":"search_term_string"}}],"inLanguage":"es"},{"@type":"Organization","@id":"https:\/\/ortodonciabarcelona.com\/blog-profesional\/#organization","name":"Blog Profesional Ortodoncia Tres Torres","url":"https:\/\/ortodonciabarcelona.com\/blog-profesional\/","logo":{"@type":"ImageObject","inLanguage":"es","@id":"https:\/\/ortodonciabarcelona.com\/blog-profesional\/#\/schema\/logo\/image\/","url":"https:\/\/ortodonciabarcelona.com\/blog-profesional\/wp-content\/uploads\/2023\/05\/logo-blog-profesional-vertical.png","contentUrl":"https:\/\/ortodonciabarcelona.com\/blog-profesional\/wp-content\/uploads\/2023\/05\/logo-blog-profesional-vertical.png","width":253,"height":323,"caption":"Blog Profesional Ortodoncia Tres Torres"},"image":{"@id":"https:\/\/ortodonciabarcelona.com\/blog-profesional\/#\/schema\/logo\/image\/"}},{"@type":"Person","@id":"https:\/\/ortodonciabarcelona.com\/blog-profesional\/#\/schema\/person\/6e8f1e4d584209c52f7c939dd0752f33","name":"Dr. Fernando de la Iglesia Beyme","image":{"@type":"ImageObject","inLanguage":"es","@id":"https:\/\/secure.gravatar.com\/avatar\/f556ae41fc83133c68363d54ff867b2e07ec9c9632768f5aa68fda5a3ea4abe8?s=96&d=mm&r=g","url":"https:\/\/secure.gravatar.com\/avatar\/f556ae41fc83133c68363d54ff867b2e07ec9c9632768f5aa68fda5a3ea4abe8?s=96&d=mm&r=g","contentUrl":"https:\/\/secure.gravatar.com\/avatar\/f556ae41fc83133c68363d54ff867b2e07ec9c9632768f5aa68fda5a3ea4abe8?s=96&d=mm&r=g","caption":"Dr. Fernando de la Iglesia Beyme"},"description":"Licenciado en Odontolog\u00eda por la Universidad de Barcelona. M\u00e1ster y Doctor en Ortodoncia por la Universidad Internacional de Catalu\u00f1a. Miembro de la Sociedad Espa\u00f1ola de Ortodoncia (SEDO).","sameAs":["https:\/\/ortodonciabarcelona.com\/blog-profesional\/dr-fernando-de-la-iglesia\/"]}]}},"_links":{"self":[{"href":"https:\/\/ortodonciabarcelona.com\/blog-profesional\/wp-json\/wp\/v2\/posts\/1362","targetHints":{"allow":["GET"]}}],"collection":[{"href":"https:\/\/ortodonciabarcelona.com\/blog-profesional\/wp-json\/wp\/v2\/posts"}],"about":[{"href":"https:\/\/ortodonciabarcelona.com\/blog-profesional\/wp-json\/wp\/v2\/types\/post"}],"author":[{"embeddable":true,"href":"https:\/\/ortodonciabarcelona.com\/blog-profesional\/wp-json\/wp\/v2\/users\/2"}],"replies":[{"embeddable":true,"href":"https:\/\/ortodonciabarcelona.com\/blog-profesional\/wp-json\/wp\/v2\/comments?post=1362"}],"version-history":[{"count":14,"href":"https:\/\/ortodonciabarcelona.com\/blog-profesional\/wp-json\/wp\/v2\/posts\/1362\/revisions"}],"predecessor-version":[{"id":1399,"href":"https:\/\/ortodonciabarcelona.com\/blog-profesional\/wp-json\/wp\/v2\/posts\/1362\/revisions\/1399"}],"wp:featuredmedia":[{"embeddable":true,"href":"https:\/\/ortodonciabarcelona.com\/blog-profesional\/wp-json\/wp\/v2\/media\/1369"}],"wp:attachment":[{"href":"https:\/\/ortodonciabarcelona.com\/blog-profesional\/wp-json\/wp\/v2\/media?parent=1362"}],"wp:term":[{"taxonomy":"category","embeddable":true,"href":"https:\/\/ortodonciabarcelona.com\/blog-profesional\/wp-json\/wp\/v2\/categories?post=1362"},{"taxonomy":"post_tag","embeddable":true,"href":"https:\/\/ortodonciabarcelona.com\/blog-profesional\/wp-json\/wp\/v2\/tags?post=1362"}],"curies":[{"name":"wp","href":"https:\/\/api.w.org\/{rel}","templated":true}]}}