{"id":1320,"date":"2019-02-15T12:15:45","date_gmt":"2019-02-15T12:15:45","guid":{"rendered":"https:\/\/ortodonciabarcelona.com\/blog-profesional\/?p=1320"},"modified":"2019-02-19T09:14:38","modified_gmt":"2019-02-19T09:14:38","slug":"ortodoncia-con-implantes","status":"publish","type":"post","link":"https:\/\/ortodonciabarcelona.com\/blog-profesional\/ortodoncia-con-implantes\/","title":{"rendered":"Ortodoncia con implantes"},"content":{"rendered":"<p>Hoy en d\u00eda, cada vez m\u00e1s pacientes adultos requieren de tratamiento ortod\u00f3ncico. Son pacientes que normalmente presentan una o varias ausencias dentales que han sido sustituidas o no por un tratamiento prot\u00e9sico. En los casos de <strong>ortodoncia cuando faltan piezas dentales<\/strong> se busca la rehabilitaci\u00f3n prot\u00e9sica de las piezas perdidas y al mismo tiempo alinear sus dientes y mejorar la est\u00e9tica. Esto requiere de la colaboraci\u00f3n de varios especialistas, como son el implant\u00f3logo, rehabilitador y ortodoncista, que deben trabajar conjuntamente.<\/p>\n<h2>Implantes antes o despu\u00e9s de la ortodoncia<\/h2>\n<p>Ante un paciente con varias ausencias dentales sin rehabilitar, ser\u00e1 trabajo del ortodoncista decidir si los implantes se colocan antes o despu\u00e9s de la ortodoncia.\u00a0 En casos en los que haya demasiadas ausencias puede ser necesaria la previa colocaci\u00f3n de implantes para que se pueda sostener la ortodoncia.\u00a0 En cambio, en otros casos, ser\u00e1 obligada la previa ortodoncia para posicionar correctamente los dientes y abrir espacios para la colocaci\u00f3n de los implantes. \u00c9sta \u00faltima opci\u00f3n es la m\u00e1s ideal ya que al <strong>colocar los implantes despu\u00e9s de la ortodoncia<\/strong>, en el \u00faltimo momento, se pueden colocar en la posici\u00f3n ideal.<\/p>\n<div id=\"attachment_1321\" style=\"width: 710px\" class=\"wp-caption aligncenter\"><img decoding=\"async\" aria-describedby=\"caption-attachment-1321\" class=\"lazyload wp-image-1321 size-full\" src=\"https:\/\/ortodonciabarcelona.com\/blog-profesional\/wp-content\/uploads\/2019\/02\/caso-implantes-despues-de-la-ortodoncia.jpg\" data-orig-src=\"https:\/\/ortodonciabarcelona.com\/blog-profesional\/wp-content\/uploads\/2019\/02\/caso-implantes-despues-de-la-ortodoncia.jpg\" alt=\"Secuencia que muestra un caso de ausencias dentales en la boca del paciente y la colocaci\u00f3n de un implante despu\u00e9s de ortodoncia ante \" width=\"700\" height=\"543\" srcset=\"data:image\/svg+xml,%3Csvg%20xmlns%3D%27http%3A%2F%2Fwww.w3.org%2F2000%2Fsvg%27%20width%3D%27700%27%20height%3D%27543%27%20viewBox%3D%270%200%20700%20543%27%3E%3Crect%20width%3D%27700%27%20height%3D%27543%27%20fill-opacity%3D%220%22%2F%3E%3C%2Fsvg%3E\" data-srcset=\"https:\/\/ortodonciabarcelona.com\/blog-profesional\/wp-content\/uploads\/2019\/02\/caso-implantes-despues-de-la-ortodoncia-200x155.jpg 200w, https:\/\/ortodonciabarcelona.com\/blog-profesional\/wp-content\/uploads\/2019\/02\/caso-implantes-despues-de-la-ortodoncia-300x233.jpg 300w, https:\/\/ortodonciabarcelona.com\/blog-profesional\/wp-content\/uploads\/2019\/02\/caso-implantes-despues-de-la-ortodoncia-400x310.jpg 400w, https:\/\/ortodonciabarcelona.com\/blog-profesional\/wp-content\/uploads\/2019\/02\/caso-implantes-despues-de-la-ortodoncia-600x465.jpg 600w, https:\/\/ortodonciabarcelona.com\/blog-profesional\/wp-content\/uploads\/2019\/02\/caso-implantes-despues-de-la-ortodoncia.jpg 700w\" data-sizes=\"auto\" data-orig-sizes=\"(max-width: 700px) 100vw, 700px\" \/><p id=\"caption-attachment-1321\" class=\"wp-caption-text\">Ante una ausencia, los dientes adyacentes tienden a volcarse hacia el espacio haciendo imposible su rehabilitaci\u00f3n, de modo que es necesario un tratamiento de ortodoncia para alinear y abrir el espacio necesario para la colocaci\u00f3n de un implante despu\u00e9s de ortodoncia.<\/p><\/div>\n<h2>Se puede poner ortodoncia si tienes implantes<\/h2>\n<p>Por otro lado, existen pacientes que acuden a la consulta y ya son portadores de pr\u00f3tesis fijas sobre implantes.\u00a0 Los implantes son tornillos de titanio que, mediante una intervenci\u00f3n quir\u00fargica menor, se colocan en el hueso y sustituyen a la ra\u00edz del diente ausente. Al contrario que el diente natural, los implantes una vez puestos no se pueden mover. En algunos casos, esto puede presentar una limitaci\u00f3n ya que, si el paciente se somete a un<strong> tratamiento de ortodoncia con implantes<\/strong>, los dientes adyacentes se van a mover y puede ser necesario el cambio de la corona sobre el implante para adaptarla a la nueva posici\u00f3n de las dem\u00e1s piezas dentales.<\/p>\n<div id=\"attachment_1322\" style=\"width: 710px\" class=\"wp-caption aligncenter\"><img decoding=\"async\" aria-describedby=\"caption-attachment-1322\" class=\"lazyload wp-image-1322 size-full\" src=\"https:\/\/ortodonciabarcelona.com\/blog-profesional\/wp-content\/uploads\/2019\/02\/caso-ortodoncia-con-implantes.jpg\" data-orig-src=\"https:\/\/ortodonciabarcelona.com\/blog-profesional\/wp-content\/uploads\/2019\/02\/caso-ortodoncia-con-implantes.jpg\" alt=\"Secuencia que muestra un caso en el que el paciente presenta api\u00f1amiento, ya es portador de un implante y del tratamiento de ortodoncia con implantes\" width=\"700\" height=\"528\" srcset=\"data:image\/svg+xml,%3Csvg%20xmlns%3D%27http%3A%2F%2Fwww.w3.org%2F2000%2Fsvg%27%20width%3D%27700%27%20height%3D%27528%27%20viewBox%3D%270%200%20700%20528%27%3E%3Crect%20width%3D%27700%27%20height%3D%27528%27%20fill-opacity%3D%220%22%2F%3E%3C%2Fsvg%3E\" data-srcset=\"https:\/\/ortodonciabarcelona.com\/blog-profesional\/wp-content\/uploads\/2019\/02\/caso-ortodoncia-con-implantes-200x151.jpg 200w, https:\/\/ortodonciabarcelona.com\/blog-profesional\/wp-content\/uploads\/2019\/02\/caso-ortodoncia-con-implantes-300x226.jpg 300w, https:\/\/ortodonciabarcelona.com\/blog-profesional\/wp-content\/uploads\/2019\/02\/caso-ortodoncia-con-implantes-400x302.jpg 400w, https:\/\/ortodonciabarcelona.com\/blog-profesional\/wp-content\/uploads\/2019\/02\/caso-ortodoncia-con-implantes-600x453.jpg 600w, https:\/\/ortodonciabarcelona.com\/blog-profesional\/wp-content\/uploads\/2019\/02\/caso-ortodoncia-con-implantes.jpg 700w\" data-sizes=\"auto\" data-orig-sizes=\"(max-width: 700px) 100vw, 700px\" \/><p id=\"caption-attachment-1322\" class=\"wp-caption-text\">Situaci\u00f3n en la que el paciente presenta api\u00f1amiento y ya es portador de un implante. (Fig.1) Los dientes a su alrededor se alinear\u00e1n y nivelar\u00e1n. En ocasiones, la posici\u00f3n final de los dientes no coincide con la del implante (Fig.2). En estos casos, tras finalizar el tratamiento de ortodoncia con implantes, se proceder\u00e1 a la sustituci\u00f3n de la corona sobre el implante por una nueva que ajuste perfectamente (Figs. 3-4)<\/p><\/div>\n<p>No obstante, en otros casos pueden ser de gran ayuda ya que act\u00faan como puntos fijos en los que apoyarse para realizar movimientos concretos con la ortodoncia sin producir movimientos indeseados en otros dientes.<\/p>\n<p>En resumen, los implantes dentales con la ortodoncia son compatibles y ser\u00e1 trabajo del ortodoncista decidir qu\u00e9 tratamiento de <strong>ortodoncia con implantes<\/strong> es el m\u00e1s adecuado en caso de que el paciente ya tenga implantes antes de iniciar la ortodoncia.<\/p>\n\n\n<div class=\"kk-star-ratings kksr-auto kksr-align-left kksr-valign-bottom\"\n    data-payload='{&quot;align&quot;:&quot;left&quot;,&quot;id&quot;:&quot;1320&quot;,&quot;slug&quot;:&quot;default&quot;,&quot;valign&quot;:&quot;bottom&quot;,&quot;ignore&quot;:&quot;&quot;,&quot;reference&quot;:&quot;auto&quot;,&quot;class&quot;:&quot;&quot;,&quot;count&quot;:&quot;1&quot;,&quot;legendonly&quot;:&quot;&quot;,&quot;readonly&quot;:&quot;&quot;,&quot;score&quot;:&quot;5&quot;,&quot;starsonly&quot;:&quot;&quot;,&quot;best&quot;:&quot;5&quot;,&quot;gap&quot;:&quot;5&quot;,&quot;greet&quot;:&quot;Punt\u00faa este post&quot;,&quot;legend&quot;:&quot;5\\\/5 - (1 voto)&quot;,&quot;size&quot;:&quot;24&quot;,&quot;title&quot;:&quot;Ortodoncia con implantes&quot;,&quot;width&quot;:&quot;142.5&quot;,&quot;_legend&quot;:&quot;{score}\\\/{best} - ({count} {votes})&quot;,&quot;font_factor&quot;:&quot;1.25&quot;}'>\n            \n<div class=\"kksr-stars\">\n    \n<div class=\"kksr-stars-inactive\">\n            <div class=\"kksr-star\" data-star=\"1\" style=\"padding-right: 5px\">\n            \n\n<div class=\"kksr-icon\" style=\"width: 24px; height: 24px;\"><\/div>\n        <\/div>\n            <div class=\"kksr-star\" data-star=\"2\" style=\"padding-right: 5px\">\n            \n\n<div class=\"kksr-icon\" style=\"width: 24px; height: 24px;\"><\/div>\n        <\/div>\n            <div class=\"kksr-star\" data-star=\"3\" style=\"padding-right: 5px\">\n            \n\n<div class=\"kksr-icon\" style=\"width: 24px; height: 24px;\"><\/div>\n        <\/div>\n            <div class=\"kksr-star\" data-star=\"4\" style=\"padding-right: 5px\">\n            \n\n<div class=\"kksr-icon\" style=\"width: 24px; height: 24px;\"><\/div>\n        <\/div>\n            <div class=\"kksr-star\" data-star=\"5\" style=\"padding-right: 5px\">\n            \n\n<div class=\"kksr-icon\" style=\"width: 24px; height: 24px;\"><\/div>\n        <\/div>\n    <\/div>\n    \n<div class=\"kksr-stars-active\" style=\"width: 142.5px;\">\n            <div class=\"kksr-star\" style=\"padding-right: 5px\">\n            \n\n<div class=\"kksr-icon\" style=\"width: 24px; height: 24px;\"><\/div>\n        <\/div>\n            <div class=\"kksr-star\" style=\"padding-right: 5px\">\n            \n\n<div class=\"kksr-icon\" style=\"width: 24px; height: 24px;\"><\/div>\n        <\/div>\n            <div class=\"kksr-star\" style=\"padding-right: 5px\">\n            \n\n<div class=\"kksr-icon\" style=\"width: 24px; height: 24px;\"><\/div>\n        <\/div>\n            <div class=\"kksr-star\" style=\"padding-right: 5px\">\n            \n\n<div class=\"kksr-icon\" style=\"width: 24px; height: 24px;\"><\/div>\n        <\/div>\n            <div class=\"kksr-star\" style=\"padding-right: 5px\">\n            \n\n<div class=\"kksr-icon\" style=\"width: 24px; height: 24px;\"><\/div>\n        <\/div>\n    <\/div>\n<\/div>\n                \n\n<div class=\"kksr-legend\" style=\"font-size: 19.2px;\">\n            5\/5 - (1 voto)    <\/div>\n    <\/div>\n","protected":false},"excerpt":{"rendered":"<p>Hoy en d\u00eda, cada vez m\u00e1s pacientes adultos requieren de  [&#8230;]<\/p>\n","protected":false},"author":2,"featured_media":1327,"comment_status":"closed","ping_status":"closed","sticky":false,"template":"","format":"standard","meta":{"footnotes":""},"categories":[21],"tags":[],"class_list":["post-1320","post","type-post","status-publish","format-standard","has-post-thumbnail","hentry","category-casos"],"yoast_head":"<!-- This site is optimized with the Yoast SEO plugin v27.3 - https:\/\/yoast.com\/product\/yoast-seo-wordpress\/ -->\n<title>Ortodoncia con implantes por el Dr. Fernando de la Iglesia<\/title>\n<meta name=\"description\" content=\"Art\u00edculo sobre la ortodoncia con implantes en el que el doctor Fernando de la Iglesia aborda aspectos como los implantes antes o despu\u00e9s de la ortodoncia\" \/>\n<meta name=\"robots\" content=\"index, follow, max-snippet:-1, max-image-preview:large, max-video-preview:-1\" \/>\n<link rel=\"canonical\" href=\"https:\/\/ortodonciabarcelona.com\/blog-profesional\/wp-json\/wp\/v2\/posts\/1320\" \/>\n<meta property=\"og:locale\" content=\"es_ES\" \/>\n<meta property=\"og:type\" content=\"article\" \/>\n<meta property=\"og:title\" content=\"Dr. Fernando de la Iglesia: ortodoncia con implantes\" \/>\n<meta property=\"og:description\" content=\"Art\u00edculo del Dr. Fernando de la Iglesia sobre los implantes antes o despu\u00e9s de la ortodoncia y ortodoncia en pacientes con implantes\" \/>\n<meta property=\"og:url\" content=\"https:\/\/ortodonciabarcelona.com\/blog-profesional\/ortodoncia-con-implantes\/\" \/>\n<meta property=\"og:site_name\" content=\"Blog Profesional Ortodoncia Tres Torres\" \/>\n<meta property=\"article:published_time\" content=\"2019-02-15T12:15:45+00:00\" \/>\n<meta property=\"article:modified_time\" content=\"2019-02-19T09:14:38+00:00\" \/>\n<meta property=\"og:image\" content=\"https:\/\/ortodonciabarcelona.com\/blog-profesional\/wp-content\/uploads\/2019\/02\/ortodoncia-con-implantes.jpg\" \/>\n\t<meta property=\"og:image:width\" content=\"700\" \/>\n\t<meta property=\"og:image:height\" content=\"215\" \/>\n\t<meta property=\"og:image:type\" content=\"image\/jpeg\" \/>\n<meta name=\"author\" content=\"Dr. Fernando de la Iglesia Beyme\" \/>\n<meta name=\"twitter:label1\" content=\"Escrito por\" \/>\n\t<meta name=\"twitter:data1\" content=\"Dr. Fernando de la Iglesia Beyme\" \/>\n\t<meta name=\"twitter:label2\" content=\"Tiempo de lectura\" \/>\n\t<meta name=\"twitter:data2\" content=\"3 minutos\" \/>\n<script type=\"application\/ld+json\" class=\"yoast-schema-graph\">{\"@context\":\"https:\\\/\\\/schema.org\",\"@graph\":[{\"@type\":\"Article\",\"@id\":\"https:\\\/\\\/ortodonciabarcelona.com\\\/blog-profesional\\\/ortodoncia-con-implantes\\\/#article\",\"isPartOf\":{\"@id\":\"https:\\\/\\\/ortodonciabarcelona.com\\\/blog-profesional\\\/ortodoncia-con-implantes\\\/\"},\"author\":{\"name\":\"Dr. Fernando de la Iglesia Beyme\",\"@id\":\"https:\\\/\\\/ortodonciabarcelona.com\\\/blog-profesional\\\/#\\\/schema\\\/person\\\/6e8f1e4d584209c52f7c939dd0752f33\"},\"headline\":\"Ortodoncia con implantes\",\"datePublished\":\"2019-02-15T12:15:45+00:00\",\"dateModified\":\"2019-02-19T09:14:38+00:00\",\"mainEntityOfPage\":{\"@id\":\"https:\\\/\\\/ortodonciabarcelona.com\\\/blog-profesional\\\/ortodoncia-con-implantes\\\/\"},\"wordCount\":542,\"publisher\":{\"@id\":\"https:\\\/\\\/ortodonciabarcelona.com\\\/blog-profesional\\\/#organization\"},\"image\":{\"@id\":\"https:\\\/\\\/ortodonciabarcelona.com\\\/blog-profesional\\\/ortodoncia-con-implantes\\\/#primaryimage\"},\"thumbnailUrl\":\"https:\\\/\\\/ortodonciabarcelona.com\\\/blog-profesional\\\/wp-content\\\/uploads\\\/2019\\\/02\\\/ortodoncia-con-implantes.jpg\",\"articleSection\":[\"casos\"],\"inLanguage\":\"es\"},{\"@type\":\"WebPage\",\"@id\":\"https:\\\/\\\/ortodonciabarcelona.com\\\/blog-profesional\\\/ortodoncia-con-implantes\\\/\",\"url\":\"https:\\\/\\\/ortodonciabarcelona.com\\\/blog-profesional\\\/ortodoncia-con-implantes\\\/\",\"name\":\"Ortodoncia con implantes por el Dr. Fernando de la Iglesia\",\"isPartOf\":{\"@id\":\"https:\\\/\\\/ortodonciabarcelona.com\\\/blog-profesional\\\/#website\"},\"primaryImageOfPage\":{\"@id\":\"https:\\\/\\\/ortodonciabarcelona.com\\\/blog-profesional\\\/ortodoncia-con-implantes\\\/#primaryimage\"},\"image\":{\"@id\":\"https:\\\/\\\/ortodonciabarcelona.com\\\/blog-profesional\\\/ortodoncia-con-implantes\\\/#primaryimage\"},\"thumbnailUrl\":\"https:\\\/\\\/ortodonciabarcelona.com\\\/blog-profesional\\\/wp-content\\\/uploads\\\/2019\\\/02\\\/ortodoncia-con-implantes.jpg\",\"datePublished\":\"2019-02-15T12:15:45+00:00\",\"dateModified\":\"2019-02-19T09:14:38+00:00\",\"description\":\"Art\u00edculo sobre la ortodoncia con implantes en el que el doctor Fernando de la Iglesia aborda aspectos como los implantes antes o despu\u00e9s de la ortodoncia\",\"breadcrumb\":{\"@id\":\"https:\\\/\\\/ortodonciabarcelona.com\\\/blog-profesional\\\/ortodoncia-con-implantes\\\/#breadcrumb\"},\"inLanguage\":\"es\",\"potentialAction\":[{\"@type\":\"ReadAction\",\"target\":[\"https:\\\/\\\/ortodonciabarcelona.com\\\/blog-profesional\\\/ortodoncia-con-implantes\\\/\"]}]},{\"@type\":\"ImageObject\",\"inLanguage\":\"es\",\"@id\":\"https:\\\/\\\/ortodonciabarcelona.com\\\/blog-profesional\\\/ortodoncia-con-implantes\\\/#primaryimage\",\"url\":\"https:\\\/\\\/ortodonciabarcelona.com\\\/blog-profesional\\\/wp-content\\\/uploads\\\/2019\\\/02\\\/ortodoncia-con-implantes.jpg\",\"contentUrl\":\"https:\\\/\\\/ortodonciabarcelona.com\\\/blog-profesional\\\/wp-content\\\/uploads\\\/2019\\\/02\\\/ortodoncia-con-implantes.jpg\",\"width\":700,\"height\":215,\"caption\":\"Ortodoncia con implantes\"},{\"@type\":\"BreadcrumbList\",\"@id\":\"https:\\\/\\\/ortodonciabarcelona.com\\\/blog-profesional\\\/ortodoncia-con-implantes\\\/#breadcrumb\",\"itemListElement\":[{\"@type\":\"ListItem\",\"position\":1,\"name\":\"Portada\",\"item\":\"https:\\\/\\\/ortodonciabarcelona.com\\\/blog-profesional\\\/\"},{\"@type\":\"ListItem\",\"position\":2,\"name\":\"Ortodoncia con implantes\"}]},{\"@type\":\"WebSite\",\"@id\":\"https:\\\/\\\/ortodonciabarcelona.com\\\/blog-profesional\\\/#website\",\"url\":\"https:\\\/\\\/ortodonciabarcelona.com\\\/blog-profesional\\\/\",\"name\":\"Blog Profesional Ortodoncia Tres Torres\",\"description\":\"Blog profesional sobre ortodoncia\",\"publisher\":{\"@id\":\"https:\\\/\\\/ortodonciabarcelona.com\\\/blog-profesional\\\/#organization\"},\"potentialAction\":[{\"@type\":\"SearchAction\",\"target\":{\"@type\":\"EntryPoint\",\"urlTemplate\":\"https:\\\/\\\/ortodonciabarcelona.com\\\/blog-profesional\\\/?s={search_term_string}\"},\"query-input\":{\"@type\":\"PropertyValueSpecification\",\"valueRequired\":true,\"valueName\":\"search_term_string\"}}],\"inLanguage\":\"es\"},{\"@type\":\"Organization\",\"@id\":\"https:\\\/\\\/ortodonciabarcelona.com\\\/blog-profesional\\\/#organization\",\"name\":\"Blog Profesional Ortodoncia Tres Torres\",\"url\":\"https:\\\/\\\/ortodonciabarcelona.com\\\/blog-profesional\\\/\",\"logo\":{\"@type\":\"ImageObject\",\"inLanguage\":\"es\",\"@id\":\"https:\\\/\\\/ortodonciabarcelona.com\\\/blog-profesional\\\/#\\\/schema\\\/logo\\\/image\\\/\",\"url\":\"https:\\\/\\\/ortodonciabarcelona.com\\\/blog-profesional\\\/wp-content\\\/uploads\\\/2023\\\/05\\\/logo-blog-profesional-vertical.png\",\"contentUrl\":\"https:\\\/\\\/ortodonciabarcelona.com\\\/blog-profesional\\\/wp-content\\\/uploads\\\/2023\\\/05\\\/logo-blog-profesional-vertical.png\",\"width\":253,\"height\":323,\"caption\":\"Blog Profesional Ortodoncia Tres Torres\"},\"image\":{\"@id\":\"https:\\\/\\\/ortodonciabarcelona.com\\\/blog-profesional\\\/#\\\/schema\\\/logo\\\/image\\\/\"}},{\"@type\":\"Person\",\"@id\":\"https:\\\/\\\/ortodonciabarcelona.com\\\/blog-profesional\\\/#\\\/schema\\\/person\\\/6e8f1e4d584209c52f7c939dd0752f33\",\"name\":\"Dr. Fernando de la Iglesia Beyme\",\"image\":{\"@type\":\"ImageObject\",\"inLanguage\":\"es\",\"@id\":\"https:\\\/\\\/secure.gravatar.com\\\/avatar\\\/f556ae41fc83133c68363d54ff867b2e07ec9c9632768f5aa68fda5a3ea4abe8?s=96&d=mm&r=g\",\"url\":\"https:\\\/\\\/secure.gravatar.com\\\/avatar\\\/f556ae41fc83133c68363d54ff867b2e07ec9c9632768f5aa68fda5a3ea4abe8?s=96&d=mm&r=g\",\"contentUrl\":\"https:\\\/\\\/secure.gravatar.com\\\/avatar\\\/f556ae41fc83133c68363d54ff867b2e07ec9c9632768f5aa68fda5a3ea4abe8?s=96&d=mm&r=g\",\"caption\":\"Dr. Fernando de la Iglesia Beyme\"},\"description\":\"Licenciado en Odontolog\u00eda por la Universidad de Barcelona. M\u00e1ster y Doctor en Ortodoncia por la Universidad Internacional de Catalu\u00f1a. Miembro de la Sociedad Espa\u00f1ola de Ortodoncia (SEDO).\",\"sameAs\":[\"https:\\\/\\\/ortodonciabarcelona.com\\\/blog-profesional\\\/dr-fernando-de-la-iglesia\\\/\"]}]}<\/script>\n<!-- \/ Yoast SEO plugin. -->","yoast_head_json":{"title":"Ortodoncia con implantes por el Dr. Fernando de la Iglesia","description":"Art\u00edculo sobre la ortodoncia con implantes en el que el doctor Fernando de la Iglesia aborda aspectos como los implantes antes o despu\u00e9s de la ortodoncia","robots":{"index":"index","follow":"follow","max-snippet":"max-snippet:-1","max-image-preview":"max-image-preview:large","max-video-preview":"max-video-preview:-1"},"canonical":"https:\/\/ortodonciabarcelona.com\/blog-profesional\/wp-json\/wp\/v2\/posts\/1320","og_locale":"es_ES","og_type":"article","og_title":"Dr. Fernando de la Iglesia: ortodoncia con implantes","og_description":"Art\u00edculo del Dr. Fernando de la Iglesia sobre los implantes antes o despu\u00e9s de la ortodoncia y ortodoncia en pacientes con implantes","og_url":"https:\/\/ortodonciabarcelona.com\/blog-profesional\/ortodoncia-con-implantes\/","og_site_name":"Blog Profesional Ortodoncia Tres Torres","article_published_time":"2019-02-15T12:15:45+00:00","article_modified_time":"2019-02-19T09:14:38+00:00","og_image":[{"width":700,"height":215,"url":"https:\/\/ortodonciabarcelona.com\/blog-profesional\/wp-content\/uploads\/2019\/02\/ortodoncia-con-implantes.jpg","type":"image\/jpeg"}],"author":"Dr. Fernando de la Iglesia Beyme","twitter_misc":{"Escrito por":"Dr. Fernando de la Iglesia Beyme","Tiempo de lectura":"3 minutos"},"schema":{"@context":"https:\/\/schema.org","@graph":[{"@type":"Article","@id":"https:\/\/ortodonciabarcelona.com\/blog-profesional\/ortodoncia-con-implantes\/#article","isPartOf":{"@id":"https:\/\/ortodonciabarcelona.com\/blog-profesional\/ortodoncia-con-implantes\/"},"author":{"name":"Dr. Fernando de la Iglesia Beyme","@id":"https:\/\/ortodonciabarcelona.com\/blog-profesional\/#\/schema\/person\/6e8f1e4d584209c52f7c939dd0752f33"},"headline":"Ortodoncia con implantes","datePublished":"2019-02-15T12:15:45+00:00","dateModified":"2019-02-19T09:14:38+00:00","mainEntityOfPage":{"@id":"https:\/\/ortodonciabarcelona.com\/blog-profesional\/ortodoncia-con-implantes\/"},"wordCount":542,"publisher":{"@id":"https:\/\/ortodonciabarcelona.com\/blog-profesional\/#organization"},"image":{"@id":"https:\/\/ortodonciabarcelona.com\/blog-profesional\/ortodoncia-con-implantes\/#primaryimage"},"thumbnailUrl":"https:\/\/ortodonciabarcelona.com\/blog-profesional\/wp-content\/uploads\/2019\/02\/ortodoncia-con-implantes.jpg","articleSection":["casos"],"inLanguage":"es"},{"@type":"WebPage","@id":"https:\/\/ortodonciabarcelona.com\/blog-profesional\/ortodoncia-con-implantes\/","url":"https:\/\/ortodonciabarcelona.com\/blog-profesional\/ortodoncia-con-implantes\/","name":"Ortodoncia con implantes por el Dr. Fernando de la Iglesia","isPartOf":{"@id":"https:\/\/ortodonciabarcelona.com\/blog-profesional\/#website"},"primaryImageOfPage":{"@id":"https:\/\/ortodonciabarcelona.com\/blog-profesional\/ortodoncia-con-implantes\/#primaryimage"},"image":{"@id":"https:\/\/ortodonciabarcelona.com\/blog-profesional\/ortodoncia-con-implantes\/#primaryimage"},"thumbnailUrl":"https:\/\/ortodonciabarcelona.com\/blog-profesional\/wp-content\/uploads\/2019\/02\/ortodoncia-con-implantes.jpg","datePublished":"2019-02-15T12:15:45+00:00","dateModified":"2019-02-19T09:14:38+00:00","description":"Art\u00edculo sobre la ortodoncia con implantes en el que el doctor Fernando de la Iglesia aborda aspectos como los implantes antes o despu\u00e9s de la ortodoncia","breadcrumb":{"@id":"https:\/\/ortodonciabarcelona.com\/blog-profesional\/ortodoncia-con-implantes\/#breadcrumb"},"inLanguage":"es","potentialAction":[{"@type":"ReadAction","target":["https:\/\/ortodonciabarcelona.com\/blog-profesional\/ortodoncia-con-implantes\/"]}]},{"@type":"ImageObject","inLanguage":"es","@id":"https:\/\/ortodonciabarcelona.com\/blog-profesional\/ortodoncia-con-implantes\/#primaryimage","url":"https:\/\/ortodonciabarcelona.com\/blog-profesional\/wp-content\/uploads\/2019\/02\/ortodoncia-con-implantes.jpg","contentUrl":"https:\/\/ortodonciabarcelona.com\/blog-profesional\/wp-content\/uploads\/2019\/02\/ortodoncia-con-implantes.jpg","width":700,"height":215,"caption":"Ortodoncia con implantes"},{"@type":"BreadcrumbList","@id":"https:\/\/ortodonciabarcelona.com\/blog-profesional\/ortodoncia-con-implantes\/#breadcrumb","itemListElement":[{"@type":"ListItem","position":1,"name":"Portada","item":"https:\/\/ortodonciabarcelona.com\/blog-profesional\/"},{"@type":"ListItem","position":2,"name":"Ortodoncia con implantes"}]},{"@type":"WebSite","@id":"https:\/\/ortodonciabarcelona.com\/blog-profesional\/#website","url":"https:\/\/ortodonciabarcelona.com\/blog-profesional\/","name":"Blog Profesional Ortodoncia Tres Torres","description":"Blog profesional sobre ortodoncia","publisher":{"@id":"https:\/\/ortodonciabarcelona.com\/blog-profesional\/#organization"},"potentialAction":[{"@type":"SearchAction","target":{"@type":"EntryPoint","urlTemplate":"https:\/\/ortodonciabarcelona.com\/blog-profesional\/?s={search_term_string}"},"query-input":{"@type":"PropertyValueSpecification","valueRequired":true,"valueName":"search_term_string"}}],"inLanguage":"es"},{"@type":"Organization","@id":"https:\/\/ortodonciabarcelona.com\/blog-profesional\/#organization","name":"Blog Profesional Ortodoncia Tres Torres","url":"https:\/\/ortodonciabarcelona.com\/blog-profesional\/","logo":{"@type":"ImageObject","inLanguage":"es","@id":"https:\/\/ortodonciabarcelona.com\/blog-profesional\/#\/schema\/logo\/image\/","url":"https:\/\/ortodonciabarcelona.com\/blog-profesional\/wp-content\/uploads\/2023\/05\/logo-blog-profesional-vertical.png","contentUrl":"https:\/\/ortodonciabarcelona.com\/blog-profesional\/wp-content\/uploads\/2023\/05\/logo-blog-profesional-vertical.png","width":253,"height":323,"caption":"Blog Profesional Ortodoncia Tres Torres"},"image":{"@id":"https:\/\/ortodonciabarcelona.com\/blog-profesional\/#\/schema\/logo\/image\/"}},{"@type":"Person","@id":"https:\/\/ortodonciabarcelona.com\/blog-profesional\/#\/schema\/person\/6e8f1e4d584209c52f7c939dd0752f33","name":"Dr. Fernando de la Iglesia Beyme","image":{"@type":"ImageObject","inLanguage":"es","@id":"https:\/\/secure.gravatar.com\/avatar\/f556ae41fc83133c68363d54ff867b2e07ec9c9632768f5aa68fda5a3ea4abe8?s=96&d=mm&r=g","url":"https:\/\/secure.gravatar.com\/avatar\/f556ae41fc83133c68363d54ff867b2e07ec9c9632768f5aa68fda5a3ea4abe8?s=96&d=mm&r=g","contentUrl":"https:\/\/secure.gravatar.com\/avatar\/f556ae41fc83133c68363d54ff867b2e07ec9c9632768f5aa68fda5a3ea4abe8?s=96&d=mm&r=g","caption":"Dr. Fernando de la Iglesia Beyme"},"description":"Licenciado en Odontolog\u00eda por la Universidad de Barcelona. M\u00e1ster y Doctor en Ortodoncia por la Universidad Internacional de Catalu\u00f1a. Miembro de la Sociedad Espa\u00f1ola de Ortodoncia (SEDO).","sameAs":["https:\/\/ortodonciabarcelona.com\/blog-profesional\/dr-fernando-de-la-iglesia\/"]}]}},"_links":{"self":[{"href":"https:\/\/ortodonciabarcelona.com\/blog-profesional\/wp-json\/wp\/v2\/posts\/1320","targetHints":{"allow":["GET"]}}],"collection":[{"href":"https:\/\/ortodonciabarcelona.com\/blog-profesional\/wp-json\/wp\/v2\/posts"}],"about":[{"href":"https:\/\/ortodonciabarcelona.com\/blog-profesional\/wp-json\/wp\/v2\/types\/post"}],"author":[{"embeddable":true,"href":"https:\/\/ortodonciabarcelona.com\/blog-profesional\/wp-json\/wp\/v2\/users\/2"}],"replies":[{"embeddable":true,"href":"https:\/\/ortodonciabarcelona.com\/blog-profesional\/wp-json\/wp\/v2\/comments?post=1320"}],"version-history":[{"count":6,"href":"https:\/\/ortodonciabarcelona.com\/blog-profesional\/wp-json\/wp\/v2\/posts\/1320\/revisions"}],"predecessor-version":[{"id":1330,"href":"https:\/\/ortodonciabarcelona.com\/blog-profesional\/wp-json\/wp\/v2\/posts\/1320\/revisions\/1330"}],"wp:featuredmedia":[{"embeddable":true,"href":"https:\/\/ortodonciabarcelona.com\/blog-profesional\/wp-json\/wp\/v2\/media\/1327"}],"wp:attachment":[{"href":"https:\/\/ortodonciabarcelona.com\/blog-profesional\/wp-json\/wp\/v2\/media?parent=1320"}],"wp:term":[{"taxonomy":"category","embeddable":true,"href":"https:\/\/ortodonciabarcelona.com\/blog-profesional\/wp-json\/wp\/v2\/categories?post=1320"},{"taxonomy":"post_tag","embeddable":true,"href":"https:\/\/ortodonciabarcelona.com\/blog-profesional\/wp-json\/wp\/v2\/tags?post=1320"}],"curies":[{"name":"wp","href":"https:\/\/api.w.org\/{rel}","templated":true}]}}